{"id":303951,"date":"2015-10-17T08:28:48","date_gmt":"2015-10-17T06:28:48","guid":{"rendered":"http:\/\/www.ivg.it\/?p=303951"},"modified":"2015-10-17T08:28:48","modified_gmt":"2015-10-17T06:28:48","slug":"savona-il-chiabrera-martini-selezionato-per-la-giornata-programmatica","status":"publish","type":"post","link":"https:\/\/staging.ivg.it\/2015\/10\/savona-il-chiabrera-martini-selezionato-per-la-giornata-programmatica\/","title":{"rendered":"Savona, il Chiabrera-Martini selezionato per la &#8220;Giornata proGrammatica&#8221;"},"content":{"rendered":"<p><strong>Savona<\/strong>. Il liceo Chiabrera Martini di Savona \u00e8 stato selezionato dal ministero dell\u2019universit\u00e0 e della ricerca per partecipare alla \u201cGiornata proGrammatica\u201d in programma per mercoled\u00ec 21 ottobre. L\u2019iniziativa, giunta alla 3^ edizione, \u00e8 stata organizzata da Rai Radio3 (La Lingua Batte) con il Miur e il ministero degli affari esteri e della cooperazione internazionale, in collaborazione con Accademia della Crusca e l\u2019associazione per la storia della lingua italiana. L\u2019obiettivo \u00e8 sensibilizzare e ad appassionare i ragazzi all&#8217;uso corretto dell&#8217;italiano attraverso una chiave di lettura ogni anno nuova.<\/p>\n<p>La musica irromper\u00e0 il 21 ottobre nelle classi di venticinque scuole italiane e istituti esteri grazie ai cantanti che si esibiranno in molti casi dal vivo davanti ai ragazzi, dopo aver raccontato la loro passione e formazione e il proprio modo di scrivere i testi.<\/p>\n<p>Il tema \u00e8 ispirato a quello scelto dal Maeci per la &#8220;Settimana della lingua italiana nel mondo&#8221; che coinvolger\u00e0 come sempre gli istituti di cultura all&#8217;estero: dal 19 al 25 ottobre, gli istituti si collegheranno con vari programmi di Radio3 per presentare gli eventi principali organizzati per l&#8217;occasione. Tra gli artisti protagonisti negli incontri della Settimana, Lorenzo Jovanotti Cherubini all&#8217;IIC di New York (che dialogher\u00e0 con il linguista Lorenzo Coveri), Vinicio Capossela a Madrid, Giorgio Moroder a Los Angeles(dove sar\u00e0 insignito di un Premio alla Carriera, Lifetime Achievement Award). \u00c8 uscito inoltre di recente l&#8217;ebook dell&#8217;Accademia della Crusca dedicato a L&#8217;italiano della musica nel mondo, a cura di Ilaria Bonomi e Vittorio Coletti. La settimana di Radio3 sar\u00e0 preannunciata da una puntata &#8220;lancio&#8221; della Lingua Batte interamente dedicata al tema in onda domenica alle 10.45.<\/p>\n<p>Il Chiabrera-Martini si sta preparando con diverse classi per incontrare Zibba, che parler\u00e0 a circa 200 ragazzi e si esibir\u00e0 dal vivo nell&#8217;aula magna del liceo. La Giornata prevede anche una maratona tra la radio e le scuole italiane e alyri eventi organizzati per promuovere e valorizzare la nostra lingua in tutti i suoi aspetti.<\/p>\n<p>Ogni programma di Radio3, dalle 6 del mattino fino alla sera, ospiter\u00e0 in collegamento uno o pi\u00f9 cantanti &#8220;inviati&#8221; a scuola per raccontare agli ascoltatori l&#8217;incontro con le classi. A Prima Pagina far\u00e0 da portabandiera dell&#8217;iniziativa Eugenio Finardi. A Fahrenheit, in apertura della diretta alle 15, come da tradizione verr\u00e0 illustrato un particolare decalogo; quest&#8217;anno il linguista Lorenzo Coveri presenter\u00e0una speciale playlist, quella delle dieci canzoni italiane pi\u00f9 note all&#8217;estero, che sar\u00e0 visibile il giorno stesso nel sito www.radio3.rai.it alla pagina della Giornata proGrammatica.<\/p>\n<p>La Giornata ProGrammatica \u00e8 a cura di Cristina Faloci per Radio3 e di Paolo Corbucci per il Ministero dell&#8217;Istruzione, dell&#8217;Universit\u00e0 e della Ricerca. La Serata ProGrammatica condotta da Giuseppe Antonelli \u00e8 a cura di Cristina Faloci per la regia di Manuel de Lucia. Giovanni Pillonca e Serena Bonito sono i responsabili per la collaborazione con il Ministero degli Affari Esteri e della Cooperazione Internazionale.<\/p>\n","protected":false},"excerpt":{"rendered":"<p>L\u2019obiettivo \u00e8 sensibilizzare e ad appassionare i ragazzi all&#8217;uso corretto dell&#8217;italiano<\/p>\n","protected":false},"author":12120,"featured_media":0,"comment_status":"open","ping_status":"closed","sticky":false,"template":"","format":"standard","meta":{"footnotes":""},"categories":[56],"tags":[76652,76649,67419,76651,15572,76650],"class_list":["post-303951","post","type-post","status-publish","format-standard","hentry","category-altre","tag-accademia-della-crusca","tag-giornata-programmatica","tag-liceo-chiabrera-martini","tag-ministero-degli-affari-esteri-e-della-cooperazione-internazionale","tag-ministero-dellambiente","tag-radio-rai3","post_cat_citta-savona"],"amp_validity":null,"amp_enabled":true,"_links":{"self":[{"href":"https:\/\/staging.ivg.it\/ediapi\/wp\/v2\/posts\/303951","targetHints":{"allow":["GET"]}}],"collection":[{"href":"https:\/\/staging.ivg.it\/ediapi\/wp\/v2\/posts"}],"about":[{"href":"https:\/\/staging.ivg.it\/ediapi\/wp\/v2\/types\/post"}],"author":[{"embeddable":true,"href":"https:\/\/staging.ivg.it\/ediapi\/wp\/v2\/users\/12120"}],"replies":[{"embeddable":true,"href":"https:\/\/staging.ivg.it\/ediapi\/wp\/v2\/comments?post=303951"}],"version-history":[{"count":0,"href":"https:\/\/staging.ivg.it\/ediapi\/wp\/v2\/posts\/303951\/revisions"}],"wp:attachment":[{"href":"https:\/\/staging.ivg.it\/ediapi\/wp\/v2\/media?parent=303951"}],"wp:term":[{"taxonomy":"category","embeddable":true,"href":"https:\/\/staging.ivg.it\/ediapi\/wp\/v2\/categories?post=303951"},{"taxonomy":"post_tag","embeddable":true,"href":"https:\/\/staging.ivg.it\/ediapi\/wp\/v2\/tags?post=303951"}],"curies":[{"name":"wp","href":"https:\/\/api.w.org\/{rel}","templated":true}]}}