{"id":303865,"date":"2015-10-16T09:36:49","date_gmt":"2015-10-16T07:36:49","guid":{"rendered":"http:\/\/www.ivg.it\/?p=303865"},"modified":"2015-10-16T09:36:49","modified_gmt":"2015-10-16T07:36:49","slug":"savona-alla-sms-leginese-la-giornata-finale-della-festa-del-volontariato","status":"publish","type":"post","link":"https:\/\/staging.ivg.it\/2015\/10\/savona-alla-sms-leginese-la-giornata-finale-della-festa-del-volontariato\/","title":{"rendered":"Savona, alla Sms Leginese la giornata finale della Festa del Volontariato"},"content":{"rendered":"<p><strong>Savona<\/strong>. Dopo il successo del 19 e 20 settembre scorso &#8211; quando nel cortile di Palazzo Santa Chiara si \u00e8 svolto il primo week-end della 7\u00b0 Festa del Volontariato Savonese &#8211; l&#8217;edizione 2015 della manifestazione dedicata al terzo settore si conclude domani con un gran finale a Legino, alla SMS Fratellanza Leginese &#8211; Circolo ARCI Milleluci di Via Chiabrera 4.<\/p>\n<p>&#8220;Nel 2009 il percorso della Festa \u00e8 iniziato proprio nel quartiere di Legino, grazie ad una proposta dell&#8217;allora Consiglio di amministrazione della Societ\u00e0 di Mutuo Soccorso a tutte le associazioni di volontariato e di promozione sociale della citt\u00e0 e della provincia&#8221; ricorda Alessio Artico, Presidente della S.M.S. Fratellanza Leginese e di Arci Savona.<\/p>\n<p>&#8220;Visto che quest&#8217;anno i primi due giorni di festa si sono svolti in centro citt\u00e0, come comitato organizzatore ci \u00e8 sembrato fondamentale concludere i festeggiamenti l\u00e0 dove tutto \u00e8 iniziato. Sar\u00e0 un&#8217;altra giornata con appuntamenti per tutti i gusti: dalle visite guidate al quartiere gestite dei ragazzi del IV\u00b0 Istituto Comprensivo Savonese all&#8217;animazione per bambini, dall\u2019estrazione della lotteria del volontariato alla cena presso la nostra SMS. La speranza \u00e8 che molti savonesi accettino la nostra proposta e decidano, ancora una volta, di essere protagonisti della festa dedicata a tutti gli uomini ed a tutte le donne che donano parte del proprio tempo libero per dedicarsi agli altri&#8221; conclude Artico.<\/p>\n<p>Questo il programma completo della giornata: ore 15 Giochi ed animazione per bambini e ragazzi presso la pista polivalente di Via Chiabrera a cura della Finestra di Peter Pan e del Coordinamento Donne Acli; ore 15 Visite guidate del quartiere di Legino a cura dei ragazzi del IV\u00b0 Istituto Comprensivo di Savona \u2013 scuola di Legino; ore 18 Estrazione dei premi della lotteria del Volontariato 2015; ore 18,30 Dibattito tra amministratori ed associazioni &#8220;La Festa del volontariato: bilancio della Festa appena trascorsa e prospettive future\u201d; ore 20 Cena c\/o la SMS Fratellanza Leginese; ore 21,15 Premiazione del concorso fotografico della Festa del Volontariato 2015; ore 21,30 Serata danzante a cura dell\u2019Arcobaleno dance.<\/p>\n","protected":false},"excerpt":{"rendered":"<p>Savona. Dopo il successo del 19 e 20 settembre scorso &#8211; quando nel cortile di Palazzo Santa Chiara si \u00e8 svolto il primo week-end della 7\u00b0 Festa del Volontariato Savonese &#8211; l&#8217;edizione 2015 della manifestazione dedicata al terzo settore si conclude domani con un gran finale a Legino, alla SMS Fratellanza Leginese &#8211; Circolo ARCI [&hellip;]<\/p>\n","protected":false},"author":2394,"featured_media":0,"comment_status":"open","ping_status":"closed","sticky":false,"template":"","format":"standard","meta":{"footnotes":""},"categories":[56],"tags":[11946],"class_list":["post-303865","post","type-post","status-publish","format-standard","hentry","category-altre","tag-festa-del-volontariato","post_cat_citta-savona","post_tag_personaggi-alessio-artico"],"amp_validity":null,"amp_enabled":true,"_links":{"self":[{"href":"https:\/\/staging.ivg.it\/ediapi\/wp\/v2\/posts\/303865","targetHints":{"allow":["GET"]}}],"collection":[{"href":"https:\/\/staging.ivg.it\/ediapi\/wp\/v2\/posts"}],"about":[{"href":"https:\/\/staging.ivg.it\/ediapi\/wp\/v2\/types\/post"}],"author":[{"embeddable":true,"href":"https:\/\/staging.ivg.it\/ediapi\/wp\/v2\/users\/2394"}],"replies":[{"embeddable":true,"href":"https:\/\/staging.ivg.it\/ediapi\/wp\/v2\/comments?post=303865"}],"version-history":[{"count":0,"href":"https:\/\/staging.ivg.it\/ediapi\/wp\/v2\/posts\/303865\/revisions"}],"wp:attachment":[{"href":"https:\/\/staging.ivg.it\/ediapi\/wp\/v2\/media?parent=303865"}],"wp:term":[{"taxonomy":"category","embeddable":true,"href":"https:\/\/staging.ivg.it\/ediapi\/wp\/v2\/categories?post=303865"},{"taxonomy":"post_tag","embeddable":true,"href":"https:\/\/staging.ivg.it\/ediapi\/wp\/v2\/tags?post=303865"}],"curies":[{"name":"wp","href":"https:\/\/api.w.org\/{rel}","templated":true}]}}