{"id":303739,"date":"2015-10-14T13:30:58","date_gmt":"2015-10-14T11:30:58","guid":{"rendered":"http:\/\/www.ivg.it\/?p=303739"},"modified":"2015-10-14T13:33:31","modified_gmt":"2015-10-14T11:33:31","slug":"andora-monta-in-sella-con-a-cavallo-fra-le-onde","status":"publish","type":"post","link":"https:\/\/staging.ivg.it\/2015\/10\/andora-monta-in-sella-con-a-cavallo-fra-le-onde\/","title":{"rendered":"Andora monta in sella con &#8220;A cavallo fra le onde&#8221;"},"content":{"rendered":"<p><strong>Andora<\/strong>. Cowboys protagonisti sulla<strong> spiaggia di Andora che diventa, per un giorno, la patria della monta all&#8217;americana grazie alla quinta edizione di &#8220;A cavallo fra le onde&#8221;, 2\u00b0 &#8220;Memorial Nello Giordano&#8221;,<\/strong> che <strong>domenica 18 ottobre, dalle ore 14 alle 18, vedr\u00e0 decine di cavalieri gareggiare in gimkane con prove di abilit\u00e0 ed esibizioni di velocit\u00e0.<\/strong><\/p>\n<p><strong>Gi\u00e0 dalle ore 10 il pubblico potr\u00e0 visitare il mercatino a tema ed artigianale<\/strong> allestito lungo la passeggiata a mare, fra il porto turistico ed il molo Thor Heyerdahl, dove, dalle 11 in poi, si svolgeranno anche le esibizioni di ballo country della Old Wild West.<\/p>\n<p><strong>In caso di maltempo la manifestazione sar\u00e0 rinviata a domenica 25 ottobre.<\/strong><\/p>\n<p>L&#8217;evento, <strong>organizzato dall&#8217;ASD Il Mio Ranch di Andora<\/strong>, con il patrocinio del Comune di Andora, si preannuncia coinvolgente per il pubblico, ma anche di grande rilievo sportivo vista la presenza di cavalieri specializzati in monta all&#8217;americana provenienti da tutta la Liguria, ma anche da Piemonte e Lombardia.<\/p>\n<p><strong>L&#8217;animazione sar\u00e0 curata di Luca Galtieri,<\/strong> conduttore del programma televisivo &#8220;CGTV Channel&#8221; e fra gli inviati di &#8220;Striscia la Notizia&#8221;.<\/p>\n<p>&#8220;<strong>Ancora una volta il nostro bel litorale \u00e8 teatro di un evento sportivo di grande livello che \u00e8 anche spettacolare per il pubblico che vi assiste<\/strong> \u2013 ha dichiarato <strong>Patrizia Lanfredi<\/strong>, assessore alle associazioni, presentando la manifestazione \u2013. <strong>&#8216;A cavallo fra le onde&#8217; porta ad Andora cavalieri provenienti da tutto il nord Italia ed \u00e8 un&#8217;occasione importante per far conoscere la nostra localit\u00e0 balneare.<\/strong> E&#8217; inoltre l&#8217;esempio dell&#8217;importanza della collaborazione fra Comune e Associazioni per la realizzazione di manifestazioni di qualit\u00e0 che valorizzino le nostre attrattive turistiche&#8221;.<\/p>\n<p><strong>La giornata tutta dedicata all&#8217;equitazione inizier\u00e0 alle ore 9<\/strong>, quando cavalli e cavalieri cominceranno ad arrivare ad Andora.<\/p>\n<p>Alle ore 10 ci sar\u00e0 l&#8217;apertura del mercatino sulla passeggiata. <strong>Dalle 11 si svolgeranno le esibizioni di balli country.<\/strong> <strong>A partire dalle 13,30 circa, chiuse le iscrizioni, ci sar\u00e0 l&#8217;inizio delle gare sulla spiaggia, fra il molo Thor Heyerdahl e il porto turistico, che proseguiranno fino alle 17,30<\/strong> quando si svolgeranno le premiazioni.<\/p>\n","protected":false},"excerpt":{"rendered":"<p>Domenica gare di velocit\u00e0 e gimkane in riva al mare<\/p>\n","protected":false},"author":18,"featured_media":0,"comment_status":"open","ping_status":"closed","sticky":false,"template":"","format":"standard","meta":{"footnotes":""},"categories":[42377,32],"tags":[33306],"class_list":["post-303739","post","type-post","status-publish","format-standard","hentry","category-altri-sport","category-sport","tag-equitazione","post_cat_citta-andora","post_tag_personaggi-luca-galtieri","post_tag_personaggi-patrizia-lanfredi"],"amp_validity":null,"amp_enabled":true,"_links":{"self":[{"href":"https:\/\/staging.ivg.it\/ediapi\/wp\/v2\/posts\/303739","targetHints":{"allow":["GET"]}}],"collection":[{"href":"https:\/\/staging.ivg.it\/ediapi\/wp\/v2\/posts"}],"about":[{"href":"https:\/\/staging.ivg.it\/ediapi\/wp\/v2\/types\/post"}],"author":[{"embeddable":true,"href":"https:\/\/staging.ivg.it\/ediapi\/wp\/v2\/users\/18"}],"replies":[{"embeddable":true,"href":"https:\/\/staging.ivg.it\/ediapi\/wp\/v2\/comments?post=303739"}],"version-history":[{"count":0,"href":"https:\/\/staging.ivg.it\/ediapi\/wp\/v2\/posts\/303739\/revisions"}],"wp:attachment":[{"href":"https:\/\/staging.ivg.it\/ediapi\/wp\/v2\/media?parent=303739"}],"wp:term":[{"taxonomy":"category","embeddable":true,"href":"https:\/\/staging.ivg.it\/ediapi\/wp\/v2\/categories?post=303739"},{"taxonomy":"post_tag","embeddable":true,"href":"https:\/\/staging.ivg.it\/ediapi\/wp\/v2\/tags?post=303739"}],"curies":[{"name":"wp","href":"https:\/\/api.w.org\/{rel}","templated":true}]}}