{"id":303698,"date":"2015-10-13T16:01:31","date_gmt":"2015-10-13T14:01:31","guid":{"rendered":"http:\/\/www.ivg.it\/?p=303698"},"modified":"2015-10-13T18:24:14","modified_gmt":"2015-10-13T16:24:14","slug":"scavi-a-san-calocero-cangiano-e-tomatis-promuovere-al-meglio-le-nostre-bellezze-archeologiche","status":"publish","type":"post","link":"https:\/\/staging.ivg.it\/2015\/10\/scavi-a-san-calocero-cangiano-e-tomatis-promuovere-al-meglio-le-nostre-bellezze-archeologiche\/","title":{"rendered":"Scavi san Calocero e Nave Romana, gestione al Comune: &#8220;Promuovere le nostre bellezze archeologiche&#8221;"},"content":{"rendered":"<p><strong>Albenga.<\/strong> Giornata conclusiva per gli studi sugli Scavi di San Calocero ad Albenga, con un incontro presso la sala conferenze del Seminario diocesano. Il vice sindaco Riccardo Tomatis ha posto l&#8217;attenzione di come le recenti scoperte archeologiche ad Albenga (citando il caso del ritrovamento della &#8220;strega bambina&#8221; diventato un caso di interesse mediatico anche internazionale), ci fanno comprendere che non \u00e8 sufficiente avere siti archeologici di rara bellezza, ma occorre farli conoscere e promuoverli\u201d.<\/p>\n<p>E per questo \u00e8 in dirittura d&#8217;arriva una convenzione con la Sovrintendenza per il passaggio gestionale degli scavi al Comune di Albenga, che sigler\u00e0 un accordo anche per la Nave Romana all&#8217;isola della Gallinara, &#8220;altro patrimonio dei nostri mari&#8221;. E per la giornata di gioved\u00ec 15, alle ore 14:30, \u00e8 prevista la firma ufficiale della convenzione tra l&#8217;amministrazione comunale e la stessa Sovrintendenza.<\/p>\n<p>\u201cImportante anche l&#8217;iniziativa che ha visto il coinvolgimento delle scuole. Ben 12 classi e 250 ragazzi portati su uno scavo aperto in sicurezza \u00e8 non solo una grande possibilit\u00e0, ma il modo migliore per consentire una conoscenza ravvicinata delle nostre bellezze archeologiche e delle radici della citt\u00e0 di Albenga\u201d conclude Tomatis. <\/p>\n<p>Nel corso dei lavori del convegno, il Vescovo Mons. Borghetti e il sindaco Giorgio Cangiano hanno posto l&#8217;accento su come \u201cin una societ\u00e0 in crisi, anche di valori, bisogna investire energie per fare pi\u00f9 cultura. Sinergie tra Diocesi, Comune, Sovrintendenza e Fondazione Oddi sono oggi una realt\u00e0 importante. Albenga \u00e8 davvero unica e ogni giorno sorprende con scoperte archeologiche incredibili che bisogna saper valorizzare e promuovere al meglio nell&#8217;interesse della citt\u00e0\u201d.<\/p>\n","protected":false},"excerpt":{"rendered":"<p>Albenga. Giornata conclusiva per gli studi sugli Scavi di San Calocero ad Albenga, con un incontro presso la sala conferenze del Seminario diocesano. Il vice sindaco Riccardo Tomatis ha posto l&#8217;attenzione di come le recenti scoperte archeologiche ad Albenga (citando il caso del ritrovamento della &#8220;strega bambina&#8221; diventato un caso di interesse mediatico anche internazionale), [&hellip;]<\/p>\n","protected":false},"author":4,"featured_media":0,"comment_status":"open","ping_status":"closed","sticky":false,"template":"","format":"standard","meta":{"footnotes":""},"categories":[45296,56],"tags":[13121,20011,76198],"class_list":["post-303698","post","type-post","status-publish","format-standard","hentry","category-copertina","category-altre","tag-comune-albenga","tag-san-calocero","tag-scavo-san-calocero","post_cat_citta-albenga","post_tag_personaggi-giorgio-cangiano-2","post_tag_personaggi-riccardo-tomatis-2"],"amp_validity":null,"amp_enabled":true,"_links":{"self":[{"href":"https:\/\/staging.ivg.it\/ediapi\/wp\/v2\/posts\/303698","targetHints":{"allow":["GET"]}}],"collection":[{"href":"https:\/\/staging.ivg.it\/ediapi\/wp\/v2\/posts"}],"about":[{"href":"https:\/\/staging.ivg.it\/ediapi\/wp\/v2\/types\/post"}],"author":[{"embeddable":true,"href":"https:\/\/staging.ivg.it\/ediapi\/wp\/v2\/users\/4"}],"replies":[{"embeddable":true,"href":"https:\/\/staging.ivg.it\/ediapi\/wp\/v2\/comments?post=303698"}],"version-history":[{"count":0,"href":"https:\/\/staging.ivg.it\/ediapi\/wp\/v2\/posts\/303698\/revisions"}],"wp:attachment":[{"href":"https:\/\/staging.ivg.it\/ediapi\/wp\/v2\/media?parent=303698"}],"wp:term":[{"taxonomy":"category","embeddable":true,"href":"https:\/\/staging.ivg.it\/ediapi\/wp\/v2\/categories?post=303698"},{"taxonomy":"post_tag","embeddable":true,"href":"https:\/\/staging.ivg.it\/ediapi\/wp\/v2\/tags?post=303698"}],"curies":[{"name":"wp","href":"https:\/\/api.w.org\/{rel}","templated":true}]}}