{"id":303560,"date":"2015-10-12T10:55:30","date_gmt":"2015-10-12T08:55:30","guid":{"rendered":"http:\/\/www.ivg.it\/?p=303560"},"modified":"2015-10-12T11:39:56","modified_gmt":"2015-10-12T09:39:56","slug":"savona-si-imbarca-per-una-crociera-ma-viene-identificato-e-arrestato","status":"publish","type":"post","link":"https:\/\/staging.ivg.it\/2015\/10\/savona-si-imbarca-per-una-crociera-ma-viene-identificato-e-arrestato\/","title":{"rendered":"Savona: si imbarca per una crociera ma viene identificato e arrestato"},"content":{"rendered":"<p><strong>Savona.<\/strong> Pensava di partire tranquillamente per la crociera a bordo della Costa Pacifica dal porto di Savona e invece \u00e8 stato riconosciuto e identificato dagli agenti della Polizia di Frontiera Marittima: cos\u00ec \u00e8 stato arrestato un cittadino ucraino, Oleksandr Karpov, 55 anni, nato in Russia, ma residente a Ostenda (Belgio). <\/p>\n<p>A suo carico un mandato d\u2019arresto europeo per reati contro la persona (dovendo scontare una pena detentiva per favoreggiamento dell\u2019ingresso e soggiorno di immigrati illegali).  <\/p>\n<p>L\u2019ucraino \u00e8 stato bloccato sabato scorso durante i controlli della Polizia di Frontiera al terminal crociere di Savona: l\u2019uomo si stava imbarcando per una crociera nel Mediterraneo. Invece, ora si trova rinchiuso nel carcere di Savona a disposizione dell&#8217;Autorit\u00e0 Giudiziaria.<\/p>\n","protected":false},"excerpt":{"rendered":"<p>La Polizia di Frontiera ha bloccato un cittadino ucraino sul quale era pendente un mandato di arresto europeo<\/p>\n","protected":false},"author":4,"featured_media":0,"comment_status":"open","ping_status":"closed","sticky":false,"template":"","format":"standard","meta":{"footnotes":""},"categories":[45296,34],"tags":[8086,4503,6236,65750,76392,64900],"class_list":["post-303560","post","type-post","status-publish","format-standard","hentry","category-copertina","category-cronaca","tag-costa-pacifica","tag-crociere","tag-mandato","tag-palacrociere-savona","tag-polizia-frontiera","tag-terminal-crociere-savona","post_cat_citta-savona"],"amp_validity":null,"amp_enabled":true,"_links":{"self":[{"href":"https:\/\/staging.ivg.it\/ediapi\/wp\/v2\/posts\/303560","targetHints":{"allow":["GET"]}}],"collection":[{"href":"https:\/\/staging.ivg.it\/ediapi\/wp\/v2\/posts"}],"about":[{"href":"https:\/\/staging.ivg.it\/ediapi\/wp\/v2\/types\/post"}],"author":[{"embeddable":true,"href":"https:\/\/staging.ivg.it\/ediapi\/wp\/v2\/users\/4"}],"replies":[{"embeddable":true,"href":"https:\/\/staging.ivg.it\/ediapi\/wp\/v2\/comments?post=303560"}],"version-history":[{"count":0,"href":"https:\/\/staging.ivg.it\/ediapi\/wp\/v2\/posts\/303560\/revisions"}],"wp:attachment":[{"href":"https:\/\/staging.ivg.it\/ediapi\/wp\/v2\/media?parent=303560"}],"wp:term":[{"taxonomy":"category","embeddable":true,"href":"https:\/\/staging.ivg.it\/ediapi\/wp\/v2\/categories?post=303560"},{"taxonomy":"post_tag","embeddable":true,"href":"https:\/\/staging.ivg.it\/ediapi\/wp\/v2\/tags?post=303560"}],"curies":[{"name":"wp","href":"https:\/\/api.w.org\/{rel}","templated":true}]}}