{"id":303177,"date":"2015-10-06T14:43:28","date_gmt":"2015-10-06T12:43:28","guid":{"rendered":"http:\/\/www.ivg.it\/?p=303177"},"modified":"2015-10-06T14:45:34","modified_gmt":"2015-10-06T12:45:34","slug":"scherma-constance-catarzi-nona-in-coppa-europa","status":"publish","type":"post","link":"https:\/\/staging.ivg.it\/2015\/10\/scherma-constance-catarzi-nona-in-coppa-europa\/","title":{"rendered":"Scherma, Constance Catarzi nona in Coppa Europa"},"content":{"rendered":"<p><strong>Savona<\/strong>. Dopo la Francia, <strong>Constance Catarzi prova a conquistare l\u2019Europa<\/strong>. E ci va molto vicina. <strong>L\u2019atleta del Circolo Scherma Savona continua la irrefrenabile ascesa verso le alte sfere della scherma internazionale portando a casa uno straordinario nono posto nella gara di Coppa Europa<\/strong> svoltasi nello scorso week end a Parigi e <strong>riservata alle atlete Under 23<\/strong>.<\/p>\n<p><strong>Una prova maiuscola per la sedicenne Constance<\/strong>, soprattutto se si considera che per la giovane italo-francese si tratta della prima stagione in una categoria (le Under 23) nella quale \u00e8 costretta a competere con avversarie molto pi\u00f9 grandi ed esperte di lei come dimostra la gara di Parigi, dove era la pi\u00f9 giovane in competizione.<\/p>\n<p>\u201cDopo la gara di Parigi di quindici giorni fa \u2013 dice con grande soddisfazione<strong> il suo maestro, Federico Santoro<\/strong> \u2013 <strong>ancora una prova superlativa.<\/strong> Nello scorso week end erano in gara anche atlete olimpiche come Thibus e la Guyart. Obiettivi? Vista la giovanissima et\u00e0 <strong>possiamo, anzi dobbiamo, pensare in grande: Coppa del Mondo, Europei o Mondiali, nulla \u00e8 precluso in partenza alla mia atleta.<\/strong> Nel ranking del 2016, infatti, <strong>Catarzi \u00e8 tra le prime dieci migliori atlete francesi<\/strong>&#8220;.<\/p>\n<p>La gara \u00e8 stata quasi perfetta. Nel girone eliminatorio la fiorettista\u00a0del circolo savonese fa\u00a0filotto vincendo tutti gli incontri della poule iniziale, compreso l&#8217;assalto con la\u00a0nazionale francese Rancurel\u00a0Maeva, e si piazza al quinto\u00a0posto nel tabellone di eliminazione diretta.<\/p>\n<p>A quel punto, Constance si dimostra all\u2019altezza della situazione battendo, nell\u2019ordine, la belga Oudot (15-0) e la francese Ambra Civerio (15-12). Nel turno successivo valido per l\u2019accesso alle prime otto, la sorte accoppia nuovamente la savonese alla nazionale francese\u00a0Rancurel, gi\u00e0 affrontata e superata nelle fasi di qualificazione. L\u2019assalto si conclude in parit\u00e0 (14-14) e tutto viene deciso nel minuto supplementare con la Rancurel che mette a segno la stoccata decisiva che \u201ccondanna\u201d Constance al nono posto finale.<\/p>\n<p><strong>Nello stesso week end buona prestazione anche per il diciassettenne Marco Moroni.<\/strong> Il giovane savonese, <strong>nella prova Open di Como\u00a0<\/strong>che vedeva al via tutti i pi\u00f9 forti fiorettisti italiani da Baldini ad Aspromonte, veniva<strong> sconfitto agli ottavi di finale<\/strong> dal nazionale Daniele Garozzo, recentemente medaglia d&#8217;oro ai campionati mondiali assoluti a squadre.<\/p>\n<p>Marco teneva testa al suo pi\u00f9 quotato avversario sino al 9 pari, dopodich\u00e8 la classe del campione del mondo catanese, ora trasferitosi a Frascati, aveva il sopravvento lasciando il savonese sul punteggio di 15 a 10.<\/p>\n<p>&#8220;Una resa pi\u00f9 che onorevole ma soprattutto<strong> una grande prestazione che speriamo possa dare grande fiducia<\/strong> al nostro ragazzo&#8221;, conclude raggiante\u00a0<strong>Paolo Bracco, maestro al seguito\u00a0dell&#8217;atleta savonese<\/strong> in quel di Como.<\/p>\n","protected":false},"excerpt":{"rendered":"<p>Buon week end anche per Marco Moroni<\/p>\n","protected":false},"author":18,"featured_media":0,"comment_status":"open","ping_status":"closed","sticky":false,"template":"","format":"standard","meta":{"footnotes":""},"categories":[42377,32],"tags":[3728,46409,1799],"class_list":["post-303177","post","type-post","status-publish","format-standard","hentry","category-altri-sport","category-sport","tag-circolo-scherma-savona","tag-coppa-europa","tag-scherma","post_cat_citta-savona","post_tag_personaggi-costance-catarzi","post_tag_personaggi-marco-moroni"],"amp_validity":null,"amp_enabled":true,"_links":{"self":[{"href":"https:\/\/staging.ivg.it\/ediapi\/wp\/v2\/posts\/303177","targetHints":{"allow":["GET"]}}],"collection":[{"href":"https:\/\/staging.ivg.it\/ediapi\/wp\/v2\/posts"}],"about":[{"href":"https:\/\/staging.ivg.it\/ediapi\/wp\/v2\/types\/post"}],"author":[{"embeddable":true,"href":"https:\/\/staging.ivg.it\/ediapi\/wp\/v2\/users\/18"}],"replies":[{"embeddable":true,"href":"https:\/\/staging.ivg.it\/ediapi\/wp\/v2\/comments?post=303177"}],"version-history":[{"count":0,"href":"https:\/\/staging.ivg.it\/ediapi\/wp\/v2\/posts\/303177\/revisions"}],"wp:attachment":[{"href":"https:\/\/staging.ivg.it\/ediapi\/wp\/v2\/media?parent=303177"}],"wp:term":[{"taxonomy":"category","embeddable":true,"href":"https:\/\/staging.ivg.it\/ediapi\/wp\/v2\/categories?post=303177"},{"taxonomy":"post_tag","embeddable":true,"href":"https:\/\/staging.ivg.it\/ediapi\/wp\/v2\/tags?post=303177"}],"curies":[{"name":"wp","href":"https:\/\/api.w.org\/{rel}","templated":true}]}}