{"id":302629,"date":"2015-09-28T19:15:05","date_gmt":"2015-09-28T17:15:05","guid":{"rendered":"http:\/\/www.ivg.it\/?p=302629"},"modified":"2015-09-28T20:14:57","modified_gmt":"2015-09-28T18:14:57","slug":"in-unione-industriali-il-vertice-tra-sindacati-piaggio-e-laer","status":"publish","type":"post","link":"https:\/\/staging.ivg.it\/2015\/09\/in-unione-industriali-il-vertice-tra-sindacati-piaggio-e-laer\/","title":{"rendered":"All&#8217;Unione Industriali il vertice tra sindacati e Piaggio"},"content":{"rendered":"<p><strong>Villanova d&#8217;Albenga<\/strong>. Un incontro interno che doveva essere propedeutico alla pi\u00f9 ampia e importante riunione di domani e che invece non ha contribuito\u00a0in modo determinante a chiarire le prospettive future. E&#8217; quello che si \u00e8 tenuto oggi pomeriggio nello stabilimento Piaggio di Villanova d&#8217;Albenga tra i delegati sindacali della Rsu e il responsabile della Business Unit Velivoli.<\/p>\n<p>&#8220;Il dirigente &#8211; spiega Stefano Luzzo della Fiom-Cgil della rappresentanza sindacale interna &#8211; ci ha presentato il piano per la riorganizzazione dell&#8217;area. Ma si trattava di un prospetto parziale, in quanto non tutte le posizioni erano state coperte. Contiamo di avere un quadro pi\u00f9 preciso e dettagliato nei prossimi giorni. Il vertice pi\u00f9 importante \u00e8 quello che si terr\u00e0 domani mattina nella sede dell&#8217;Unione Industriali di Savona&#8221;.<\/p>\n<p>E domani alle ore 11.30 presso la sede di Confindustria Savona si terr\u00e0 l\u2019incontro tra le Organizzazioni Sindacali di Genova e Savona con la Societ\u00e0 Piaggio Aerospace dopo la richiesta che era stata formalizzata dai Sindacati e dalle RSU dei due stabilimenti Liguri .<\/p>\n<p>Obiettivo dell\u2019incontro \u00e8 verificare attraverso l\u2019amministratore delegato della Piaggio \u00a0Carlo Logli il reale stato finanziario dell\u2019impresa , lo stato di avanzamento del Piano Industriale su cui si regge l\u2019Accordo del MISE del giugno del 2014 , compreso l\u2019operazione di esternalizzazione presso la Societ\u00e0 LAERH di Albenga e le ricadute relative al passaggio dell\u2019intero pacchetto dell\u2019azionariato a Mubadala .<\/p>\n<p>Nel frattempo una delle questioni pi\u00f9 complicate all\u2019interno dell\u2019operazione LAERH, che la societ\u00e0 ci aveva comunicato lo scorso 28 luglio 2015 nell\u2019incontro ufficiale tra FIM FIOM UILM Savona e azienda , \u00a0ha subito in questi giorni finalmente un\u2019accelerazione positiva , visto che le Istituzioni interessate hanno formalizzato la data della prima Conferenza dei Servizi propedeutica all\u2019AIA (Autorizzazione Integrata Ambientale) per la giornata di\u00a0<strong><span style=\"text-decoration: underline;\">marted\u00ec 6 ottobre 2015.<\/span><\/strong><\/p>\n<p>Tale appuntamento \u00e8 fondamentale per la prosecuzione delle attivit\u00e0 all\u2019interno dello stabilimento Albenganese , visto i fortissimi ritardi che ha subito l\u2019intera operazione , auspicando in una AIA provvisoria che permetterebbe alla LAERH di poter iniziare a effettuare le attivit\u00e0 all\u2019interno del reparto dei \u201ctrattamenti\u201d e quindi certificare l\u2019impianto con l\u2019obbiettivo di metterlo in funzione quanto prima.<\/p>\n<p>E\u2019 fondamentale questo passaggio , perch\u00e9 permetterebbe in tempi brevi di poter ricollocare ulteriori lavoratori attualmente sospesi in cassa integrazione da parte di Piaggio , nelle aree dei trattamenti e nelle aree della formatura lamiera. Inoltre nella giornata di mercoled\u00ec 01 ottobre , saranno assorbiti in Laerh ulteriori nr. 11 lavoratori che erano sospesi in cassa integrazione da Piaggio che si aggiungono ai 9 lavoratori gi\u00e0 \u00a0presenti all\u2019interno dello stabilimento Laerh , sempre provenienti dal bacino dei lavoratori ex Finale Ligure.<\/p>\n<p>Nella seconda met\u00e0 di ottobre Laerh come concordato nell\u2019incontro di luglio \u00a0dovrebbe comunicarci le prossime tempistiche per l\u2019assorbimento dei lavoratori interessati e lo stato di avanzamento del piano industriale pi\u00f9 in generale.<\/p>\n","protected":false},"excerpt":{"rendered":"<p>Oggi la Rsu ha incontrato il dirigente della Business Unit dei velivoli<\/p>\n","protected":false},"author":12120,"featured_media":0,"comment_status":"open","ping_status":"closed","sticky":false,"template":"","format":"standard","meta":{"footnotes":""},"categories":[45296,35],"tags":[6517,67493,58854],"class_list":["post-302629","post","type-post","status-publish","format-standard","hentry","category-copertina","category-economia","tag-fiom","tag-laerh","tag-piaggio-aerospace","post_cat_citta-albenga","post_cat_citta-finale-ligure","post_cat_citta-villanova-dalbenga","post_tag_personaggi-andrea-pasa","post_tag_personaggi-stefano-luzzo"],"amp_validity":null,"amp_enabled":true,"_links":{"self":[{"href":"https:\/\/staging.ivg.it\/ediapi\/wp\/v2\/posts\/302629","targetHints":{"allow":["GET"]}}],"collection":[{"href":"https:\/\/staging.ivg.it\/ediapi\/wp\/v2\/posts"}],"about":[{"href":"https:\/\/staging.ivg.it\/ediapi\/wp\/v2\/types\/post"}],"author":[{"embeddable":true,"href":"https:\/\/staging.ivg.it\/ediapi\/wp\/v2\/users\/12120"}],"replies":[{"embeddable":true,"href":"https:\/\/staging.ivg.it\/ediapi\/wp\/v2\/comments?post=302629"}],"version-history":[{"count":0,"href":"https:\/\/staging.ivg.it\/ediapi\/wp\/v2\/posts\/302629\/revisions"}],"wp:attachment":[{"href":"https:\/\/staging.ivg.it\/ediapi\/wp\/v2\/media?parent=302629"}],"wp:term":[{"taxonomy":"category","embeddable":true,"href":"https:\/\/staging.ivg.it\/ediapi\/wp\/v2\/categories?post=302629"},{"taxonomy":"post_tag","embeddable":true,"href":"https:\/\/staging.ivg.it\/ediapi\/wp\/v2\/tags?post=302629"}],"curies":[{"name":"wp","href":"https:\/\/api.w.org\/{rel}","templated":true}]}}