{"id":302597,"date":"2015-09-28T13:03:13","date_gmt":"2015-09-28T11:03:13","guid":{"rendered":"http:\/\/www.ivg.it\/?p=302597"},"modified":"2015-09-28T13:03:13","modified_gmt":"2015-09-28T11:03:13","slug":"aurelia-bis-albisola-savona-venerdi-il-tavolo-tecnico-al-ministero","status":"publish","type":"post","link":"https:\/\/staging.ivg.it\/2015\/09\/aurelia-bis-albisola-savona-venerdi-il-tavolo-tecnico-al-ministero\/","title":{"rendered":"Aurelia Bis Albisola-Savona, venerd\u00ec il tavolo tecnico al Ministero"},"content":{"rendered":"<p><strong>Roma.<\/strong> Si terr\u00e0 <strong>venerd\u00ec mattina alle 10<\/strong>, presso il Ministero delle Infrastrutture a Roma, il tavolo tecnico sulle possibili modifiche ed integrazioni al progetto dell&#8217;Aurelia Bis che, una volta ultimata, collegher\u00e0 Albisola Superiore con corso Ricci a Savona fornendo una soluzione alternativa all&#8217;Aurelia.<\/p>\n<p>Un tavolo al quale parteciperanno il sindaco di Albissola Marina, Gianluca Nasuti, il vicesindaco di Albisola Superiore, Maurizio Garbarini, ed i rappresentanti del Comune di Savona, dove solo pochi giorni fa il tema \u00e8 stato oggetto di una commissione aperta anche ai comitati e alle associazioni contrarie al progetto attuale. La discussione era stata accesa, con i portavoce di varie realt\u00e0 pi\u00f9 o meno critiche che avevano sottoposto alcune <strong>obiezioni e modifiche elaborate da Paolo Forzano<\/strong>, presidente del Comitato Casello Albamare: proposte che erano state <strong>rigettate dal vicesindaco Livio Di Tullio<\/strong>, che aveva spiegato come &#8220;\u00e8 giusto accettare rimostranze e valutare ogni riflessione, tuttavia in questo caso <strong>bisogna affidarsi a competenze tecniche specifiche<\/strong> che Anas ha e Forzano no\u201d.<\/p>\n<p>Del progetto e di tutte le sue sfaccettature, varianti, mitigazioni ambientali e opere collegate si torner\u00e0 dunque a parlare venerd\u00ec mattina a Roma. Di Tullio \u00e8 stato chiaro: \u201cNon ci sono dubbi sul progetto, noi vogliamo la copertura in via Schiantapetto con tutte le opere complementari previste e rimane aperta la questione dello svincolo di via Turati sul quale bisogna fare i dovuti miglioramenti\u201d.<\/p>\n<p>&#8220;In questi mesi abbiamo instaurato una buona collaborazione con Anas &#8211; spiega invece il sindaco di Albissola, <strong>Gianluca Nasuti<\/strong> &#8211; i loro tecnici sono venuti pi\u00f9 volte, e insieme a loro e ai Comuni di Savona e Albisola abbiamo scritto al ministero. Dobbiamo fare il punto sulle opere accessorie, come il collegamento con Celle Ligure e due piccoli interventi sulla viabilit\u00e0 di contorno che abbiamo chiesto, e parlare dei relativi finanziamenti&#8221;.<\/p>\n<p>Riguardo alla discussione di pochi giorni fa a Savona, Nasuti rimane neutro: &#8220;Gi\u00e0 l&#8217;anno scorso Forzano mi aveva portato alcune sue ipotesi, che avevamo visto e valutato. <strong>Nulla ci vieta di sottoporre le sue perplessit\u00e0<\/strong>, soprattutto quella sul raggio di curvatura: gi\u00e0 in passato sono state attuate piccole modifiche su suggerimento di alcuni residenti. Dopo di che <strong>sono convinto che Anas sia decisamente attrezzata e qualificata<\/strong> con i suoi tecnici per valutare le ipotesi progettuali: devono essere loro a decidere&#8221;.<\/p>\n","protected":false},"excerpt":{"rendered":"<p>Roma. Si terr\u00e0 venerd\u00ec mattina alle 10, presso il Ministero delle Infrastrutture a Roma, il tavolo tecnico sulle possibili modifiche ed integrazioni al progetto dell&#8217;Aurelia Bis che, una volta ultimata, collegher\u00e0 Albisola Superiore con corso Ricci a Savona fornendo una soluzione alternativa all&#8217;Aurelia. Un tavolo al quale parteciperanno il sindaco di Albissola Marina, Gianluca Nasuti, [&hellip;]<\/p>\n","protected":false},"author":10593,"featured_media":0,"comment_status":"open","ping_status":"closed","sticky":false,"template":"","format":"standard","meta":{"footnotes":""},"categories":[45296,56],"tags":[54538],"class_list":["post-302597","post","type-post","status-publish","format-standard","hentry","category-copertina","category-altre","tag-aurelia-bis-savona","post_cat_citta-albisola-superiore","post_cat_citta-albissola-marina","post_cat_citta-savona","post_tag_personaggi-gianluca-nasuti","post_tag_personaggi-livio-di-tullio-2","post_tag_personaggi-paolo-forzano"],"amp_validity":null,"amp_enabled":true,"_links":{"self":[{"href":"https:\/\/staging.ivg.it\/ediapi\/wp\/v2\/posts\/302597","targetHints":{"allow":["GET"]}}],"collection":[{"href":"https:\/\/staging.ivg.it\/ediapi\/wp\/v2\/posts"}],"about":[{"href":"https:\/\/staging.ivg.it\/ediapi\/wp\/v2\/types\/post"}],"author":[{"embeddable":true,"href":"https:\/\/staging.ivg.it\/ediapi\/wp\/v2\/users\/10593"}],"replies":[{"embeddable":true,"href":"https:\/\/staging.ivg.it\/ediapi\/wp\/v2\/comments?post=302597"}],"version-history":[{"count":0,"href":"https:\/\/staging.ivg.it\/ediapi\/wp\/v2\/posts\/302597\/revisions"}],"wp:attachment":[{"href":"https:\/\/staging.ivg.it\/ediapi\/wp\/v2\/media?parent=302597"}],"wp:term":[{"taxonomy":"category","embeddable":true,"href":"https:\/\/staging.ivg.it\/ediapi\/wp\/v2\/categories?post=302597"},{"taxonomy":"post_tag","embeddable":true,"href":"https:\/\/staging.ivg.it\/ediapi\/wp\/v2\/tags?post=302597"}],"curies":[{"name":"wp","href":"https:\/\/api.w.org\/{rel}","templated":true}]}}