{"id":302595,"date":"2015-09-28T12:13:03","date_gmt":"2015-09-28T10:13:03","guid":{"rendered":"http:\/\/www.ivg.it\/?p=302595"},"modified":"2015-09-28T12:55:28","modified_gmt":"2015-09-28T10:55:28","slug":"spettacolo-nei-cieli-ecco-le-immagini-delleclissi-di-luna","status":"publish","type":"post","link":"https:\/\/staging.ivg.it\/2015\/09\/spettacolo-nei-cieli-ecco-le-immagini-delleclissi-di-luna\/","title":{"rendered":"Spettacolo nei cieli, ecco le immagini dell&#8217;eclissi di Luna"},"content":{"rendered":"<p><strong>Savona.<\/strong> Che non sarebbe stata una notte facile \u00e8 apparso chiaro sin da subito, le nuvole hanno in effetti reso molto difficile l&#8217;osservazione dell&#8217;eclissi. Ciononostante gli astrofili dell&#8217;Associazione Orione di Savona sono riusciti a centrare l&#8217;obiettivo, riuscendo a fotografare sia alcuni momenti della fase parziale, sia alcuni della totalit\u00e0 dell&#8217;eclissi del nostra satellite. <\/p>\n<p>Il fenomeno astronomico \u00e8 iniziato verso le 2:00 del mattino quando l\u2019ombra della Terra ha cominciato a sovrapporsi alla Luna, portandola a colorarsi di rosso. Ma non solo: infatti si \u00e8 potuto ammirare la Superluna, poich\u00e9 il nostro satellite si \u00e8 trovato nel suo passaggio proprio nei pressi del perigeo, il punto pi\u00f9 vicino alla Terra. Per questo si \u00e8 registrato un aumento della sua dimensione visiva di circa il 14%.<\/p>\n<p>&#8220;Sar\u00e0 possibile quindi contribuire al \u201cprogetto longitudine\u201d, sia al \u201cprogetto parallasse\u201d e fare quindi vere e proprie misurazioni scientifiche. Ma non solo la mattina si \u00e8 potuto osservare un bel flash Iridium, il passaggio della ISS, (la stazione spaziale che fino a giugno ha ospitato Samantha Cristoforetti) ed infine poco prima dell&#8217;alba si \u00e8 potuto osservare il sorgere di Venere, Marte e Giove&#8221; afferma il presidente del gruppo astrofili savonese Ugo Ghione.<\/p>\n<p>&#8220;Il primo appuntamento per le anteprime dei risultati delle misurazioni \u00e8 per venerd\u00ec 9 ottobre all&#8217;aperitivo astronomico presso il Top Bar alle ore 18:30, nei giorni seguenti illustreremo nel dettaglio le misurazioni con una lezione-conferenza presso l&#8217;Accademia della Scienza in via dei Mille a Savona&#8221; conclude Ghione.<\/p>\n","protected":false},"excerpt":{"rendered":"<p>Nonostante le nuvole gli astrofili dell\u2019Associazione Orione sono riusciti a fotografare la fase parziale e quella totale dell\u2019eclissi<\/p>\n","protected":false},"author":4,"featured_media":0,"comment_status":"open","ping_status":"closed","sticky":false,"template":"","format":"standard","meta":{"footnotes":""},"categories":[45296,56],"tags":[30121,75767,10926,55812],"class_list":["post-302595","post","type-post","status-publish","format-standard","hentry","category-copertina","category-altre","tag-eclissi","tag-eclissi-luna","tag-luna","tag-superluna","post_cat_citta-savona"],"amp_validity":null,"amp_enabled":true,"_links":{"self":[{"href":"https:\/\/staging.ivg.it\/ediapi\/wp\/v2\/posts\/302595","targetHints":{"allow":["GET"]}}],"collection":[{"href":"https:\/\/staging.ivg.it\/ediapi\/wp\/v2\/posts"}],"about":[{"href":"https:\/\/staging.ivg.it\/ediapi\/wp\/v2\/types\/post"}],"author":[{"embeddable":true,"href":"https:\/\/staging.ivg.it\/ediapi\/wp\/v2\/users\/4"}],"replies":[{"embeddable":true,"href":"https:\/\/staging.ivg.it\/ediapi\/wp\/v2\/comments?post=302595"}],"version-history":[{"count":0,"href":"https:\/\/staging.ivg.it\/ediapi\/wp\/v2\/posts\/302595\/revisions"}],"wp:attachment":[{"href":"https:\/\/staging.ivg.it\/ediapi\/wp\/v2\/media?parent=302595"}],"wp:term":[{"taxonomy":"category","embeddable":true,"href":"https:\/\/staging.ivg.it\/ediapi\/wp\/v2\/categories?post=302595"},{"taxonomy":"post_tag","embeddable":true,"href":"https:\/\/staging.ivg.it\/ediapi\/wp\/v2\/tags?post=302595"}],"curies":[{"name":"wp","href":"https:\/\/api.w.org\/{rel}","templated":true}]}}