{"id":302371,"date":"2015-09-24T18:18:50","date_gmt":"2015-09-24T16:18:50","guid":{"rendered":"http:\/\/www.ivg.it\/?p=302371"},"modified":"2015-09-24T18:29:27","modified_gmt":"2015-09-24T16:29:27","slug":"savona-intitolato-a-pertini-il-ponte-della-darsena-miazza-esportiamo-una-bellissima-figura","status":"publish","type":"post","link":"https:\/\/staging.ivg.it\/2015\/09\/savona-intitolato-a-pertini-il-ponte-della-darsena-miazza-esportiamo-una-bellissima-figura\/","title":{"rendered":"Il ponte della Darsena intitolato a Pertini, Miazza: &#8220;Esportiamo un grande personaggio&#8221;"},"content":{"rendered":"<p><strong>Savona<\/strong>. Si \u00e8 tenuta oggi alle 17.30 la cerimonia di intitolazione all&#8217;ex Presidente della Repubblica Sandro Pertini il nuovo ponte mobile della Vecchia Darsena a Savona.<\/p>\n<p>La cerimonia, promossa dall&#8217;Autorit\u00e0 Portuale di Savona, ha visto la partecipazione del presidente dell&#8217;Ap Gian Luigi Miazza, del sindaco di Savona Federico Berruti e del collega di Stella Marina Lombardi. Tra i presenti anche il presidente dell&#8217;Associazione &#8220;Sandro Pertini&#8221; Elisabetta Favetta.<\/p>\n<p>\u201cOggi \u00e8 un giorno particolarmente interessante \u2013 ha detto Miazza \u2013 La possibilit\u00e0 di intitolare a Sandro Pertini il ponte che abbiamo inaugurato nei mesi scorsi ci d\u00e0 l&#8217;opportunit\u00e0 di rendere omaggio ad una persona con la quale siamo cresciuti e a cui abbiamo voluto molto bene. E consegna al milione di passeggeri e croceristi che ogni tanno transita nel nostro porto la possibilit\u00e0 di esportare questa bellissima figura\u201d.<\/p>\n<p>Per quanto breve, la vita del nuovo ponte mobile \u00e8 stata tutt&#8217;altro che tranquilla: \u201cCon oggi facciamo la duemila e 400^ apertura del ponte. Il fatto che abbia subito sei atti vandalici ci ha creato un po&#8217; di problemi negli ultimi tempi. Io ringrazio le strutture che sono prontamente intervenute in questi casi. Spero che intitolarlo ad una bella figura istituzionale alla quale tutti vogliono bene come Sandro Pertini sia anche un viatico per evitare ulteriori tristi episodi come quelli che abbiamo vissuto in questi tempi. Spero che il presidente ci dia una mano in questo\u201d.<\/p>\n<p>\u201cL&#8217;intitolazione del ponte mobile della darsena a Sandro Pertini \u00e8 sicuramente un momento importante per la citt\u00e0 di Savona \u2013 ha chiosato l&#8217;assessore alla cultura di Savona Elisa Di Padova \u2013 In citt\u00e0 sono gi\u00e0 state dedicate a Pertini una scuola e il museo, che condivide con un&#8217;altra illustre cittadina che \u00e8 Renata Cuneo. Da oggi c&#8217;\u00e8 anche un ponte, una struttura che simboleggia il dialogo, il dialogo tra i popoli, l&#8217;unione, la pace: ci\u00f2 che Pertini predicava. Forse proprio per questo \u00e8 stato il presidente pi\u00f9 amato dagli italiani\u201d.<\/p>\n<div class=\"single-img-content-container fullwidth-single shortcode standard\">\n    <div class=\"image_container\" style=\"text-align: center;\">\n        <picture class=\" lazyload\"><img loading=\"lazy\" class=\"lazy\" data-srcset=\"https:\/\/www.ivg.it\/photogallery_new\/images\/2015\/09\/intitolazione-pertini-303042.jpg 1024w, https:\/\/www.ivg.it\/photogallery_new\/images\/2015\/09\/intitolazione-pertini-303042.jpg 970w, https:\/\/www.ivg.it\/photogallery_new\/images\/2015\/09\/intitolazione-pertini-303042.jpg 660w, https:\/\/www.ivg.it\/photogallery_new\/images\/2015\/09\/intitolazione-pertini-303042.jpg 316w, https:\/\/www.ivg.it\/photogallery_new\/images\/2015\/09\/intitolazione-pertini-303042.jpg 150w\"  data-src=\"https:\/\/www.ivg.it\/photogallery_new\/images\/2015\/09\/intitolazione-pertini-303042.jpg\" alt=\"intitolazione pertini\" \/><\/picture>\r\n\n    <\/div>\n    <\/div>\n\n<p>Il Comune di Savona non intende fermarsi qui: \u201cAbbiamo intenzione di dedicare a Pertini altri luoghi. E&#8217; stato un grande presidente e ancora oggi \u00e8 ricordato e amato. Anche dalle giovani generazioni e da chi non lo ha conosciuto direttamente\u201d.<\/p>\n<p>Durante la cerimonia sono stati letti alcuni brani scritti da Pertini da parte di un attore della compagnia teatrale &#8220;Cattivi Maestri&#8221; intervallati da estratti di filmati storici. La manifestazione si \u00e8 conclusa con la scoperta della targa e la benedizione del vescovo Vittorio Lupi.<\/p>\n","protected":false},"excerpt":{"rendered":"<p>Di Padova: &#8220;Il ponte simboleggia il dialogo, l&#8217;unione, la pace: ci\u00f2 che Pertini predicava&#8221;<\/p>\n","protected":false},"author":12120,"featured_media":0,"comment_status":"open","ping_status":"closed","sticky":false,"template":"","format":"standard","meta":{"footnotes":""},"categories":[45296,56],"tags":[51498,31449,64278],"class_list":["post-302371","post","type-post","status-publish","format-standard","hentry","category-copertina","category-altre","tag-darsena-savona","tag-ponte-mobile","tag-ponte-mobile-darsena-savona","post_cat_citta-savona","post_tag_personaggi-elisa-di-padova-2","post_tag_personaggi-federico-berruti-2","post_tag_personaggi-gian-luigi-miazza","post_tag_personaggi-gianluigi-miazza","post_tag_personaggi-vittorio-lupi"],"amp_validity":null,"amp_enabled":true,"_links":{"self":[{"href":"https:\/\/staging.ivg.it\/ediapi\/wp\/v2\/posts\/302371","targetHints":{"allow":["GET"]}}],"collection":[{"href":"https:\/\/staging.ivg.it\/ediapi\/wp\/v2\/posts"}],"about":[{"href":"https:\/\/staging.ivg.it\/ediapi\/wp\/v2\/types\/post"}],"author":[{"embeddable":true,"href":"https:\/\/staging.ivg.it\/ediapi\/wp\/v2\/users\/12120"}],"replies":[{"embeddable":true,"href":"https:\/\/staging.ivg.it\/ediapi\/wp\/v2\/comments?post=302371"}],"version-history":[{"count":0,"href":"https:\/\/staging.ivg.it\/ediapi\/wp\/v2\/posts\/302371\/revisions"}],"wp:attachment":[{"href":"https:\/\/staging.ivg.it\/ediapi\/wp\/v2\/media?parent=302371"}],"wp:term":[{"taxonomy":"category","embeddable":true,"href":"https:\/\/staging.ivg.it\/ediapi\/wp\/v2\/categories?post=302371"},{"taxonomy":"post_tag","embeddable":true,"href":"https:\/\/staging.ivg.it\/ediapi\/wp\/v2\/tags?post=302371"}],"curies":[{"name":"wp","href":"https:\/\/api.w.org\/{rel}","templated":true}]}}