{"id":302197,"date":"2015-09-22T18:24:16","date_gmt":"2015-09-22T16:24:16","guid":{"rendered":"http:\/\/www.ivg.it\/?p=302197"},"modified":"2015-09-22T18:36:28","modified_gmt":"2015-09-22T16:36:28","slug":"savona-il-ponte-mobile-in-darsena-intitolato-allex-presidente-pertini","status":"publish","type":"post","link":"https:\/\/staging.ivg.it\/2015\/09\/savona-il-ponte-mobile-in-darsena-intitolato-allex-presidente-pertini\/","title":{"rendered":"Savona, il ponte mobile in Darsena  intitolato all&#8217;ex Presidente Pertini"},"content":{"rendered":"<p><strong>Savona.<\/strong> Sar\u00e0 intitolato all&#8217;ex Presidente della Repubblica Sandro Pertini il nuovo ponte mobile della Vecchia Darsena a Savona. La cerimonia, promossa dall&#8217;Autorit\u00e0 Portuale di Savona, \u00e8 in programma gioved\u00ec alle ore 17.30. <\/p>\n<p>Qui, dopo i saluti del presidente dell&#8217;Autorit\u00e0 Portuale di Savona Gian Luigi Miazza, del sindaco di Savona Federico Berruti e del collega di Stella Marina Lombardi, \u00e8 previsto l&#8217;intervento del presidente dell&#8217;Associazione &#8220;Sandro Pertini&#8221; Elisabetta Favetta.<\/p>\n<p>Quindi saranno letti alcuni brani scritti da Pertini da parte di un attore della compagnia teatrale &#8220;Cattivi Maestri&#8221; intervallati da estratti di filmati storici. La manifestazione si concluder\u00e0 con la scoperta della targa e benedizione del vescovo Vittorio Lupi.<\/p>\n","protected":false},"excerpt":{"rendered":"<p>Savona. Sar\u00e0 intitolato all&#8217;ex Presidente della Repubblica Sandro Pertini il nuovo ponte mobile della Vecchia Darsena a Savona. La cerimonia, promossa dall&#8217;Autorit\u00e0 Portuale di Savona, \u00e8 in programma gioved\u00ec alle ore 17.30. Qui, dopo i saluti del presidente dell&#8217;Autorit\u00e0 Portuale di Savona Gian Luigi Miazza, del sindaco di Savona Federico Berruti e del collega di [&hellip;]<\/p>\n","protected":false},"author":4,"featured_media":0,"comment_status":"open","ping_status":"closed","sticky":false,"template":"","format":"standard","meta":{"footnotes":""},"categories":[45296,56],"tags":[51498,31449,64278],"class_list":["post-302197","post","type-post","status-publish","format-standard","hentry","category-copertina","category-altre","tag-darsena-savona","tag-ponte-mobile","tag-ponte-mobile-darsena-savona","post_cat_citta-savona","post_tag_personaggi-federico-berruti-2","post_tag_personaggi-gianluigi-miazza"],"amp_validity":null,"amp_enabled":true,"_links":{"self":[{"href":"https:\/\/staging.ivg.it\/ediapi\/wp\/v2\/posts\/302197","targetHints":{"allow":["GET"]}}],"collection":[{"href":"https:\/\/staging.ivg.it\/ediapi\/wp\/v2\/posts"}],"about":[{"href":"https:\/\/staging.ivg.it\/ediapi\/wp\/v2\/types\/post"}],"author":[{"embeddable":true,"href":"https:\/\/staging.ivg.it\/ediapi\/wp\/v2\/users\/4"}],"replies":[{"embeddable":true,"href":"https:\/\/staging.ivg.it\/ediapi\/wp\/v2\/comments?post=302197"}],"version-history":[{"count":0,"href":"https:\/\/staging.ivg.it\/ediapi\/wp\/v2\/posts\/302197\/revisions"}],"wp:attachment":[{"href":"https:\/\/staging.ivg.it\/ediapi\/wp\/v2\/media?parent=302197"}],"wp:term":[{"taxonomy":"category","embeddable":true,"href":"https:\/\/staging.ivg.it\/ediapi\/wp\/v2\/categories?post=302197"},{"taxonomy":"post_tag","embeddable":true,"href":"https:\/\/staging.ivg.it\/ediapi\/wp\/v2\/tags?post=302197"}],"curies":[{"name":"wp","href":"https:\/\/api.w.org\/{rel}","templated":true}]}}