{"id":302045,"date":"2015-09-20T17:09:21","date_gmt":"2015-09-20T15:09:21","guid":{"rendered":"http:\/\/www.ivg.it\/?p=302045"},"modified":"2015-09-20T17:09:21","modified_gmt":"2015-09-20T15:09:21","slug":"cengio-un-weekend-di-arte-e-sapori-tra-contemporaneo-e-tradizione","status":"publish","type":"post","link":"https:\/\/staging.ivg.it\/2015\/09\/cengio-un-weekend-di-arte-e-sapori-tra-contemporaneo-e-tradizione\/","title":{"rendered":"Cengio: un weekend di arte e sapori, tra contemporaneo e tradizione"},"content":{"rendered":"<p><strong>Cengio.<\/strong> Il settore Cultura del Comune di Cengio ha aderito per il secondo anno alla Giornata Europea del Patrimonio, indetta dal Ministero per i Beni Culturali e programmata per questo fine settimana di settembre. E, mentre a Cengio Alto sono state organizzate visite guidate dai &#8220;volontari dell&#8217;arte&#8221; al Santuario seicentesco della Nativit\u00e0 di Maria Vergine, con la possibilit\u00e0 di gustare una prelibata merenda sinoira presso l&#8217;Osteria del Castello, in piazza del Comune si \u00e8 svolta, tra sabato e domenica, una performance di street art, nel contesto del progetto &#8220;Colora il tuo paese&#8221;, organizzato in collaborazione con la Consulta Giovanile e con il sostegno dell&#8217;Associazione Onlus &#8220;Un Sorriso per tutti&#8221;, che da anni \u00e8 attiva sul territorio con iniziative ludico-ricreative e sportive.<\/p>\n<p>Una felice e colorata condivisione di intenti, che dar\u00e0 una veste nuova al muretto perimetrale dell&#8217;area giochi della piazza. Gli artisti prescelti sono di Genova, ADrina12 e Giuliogol i loro nomi d&#8217;arte; sono gi\u00e0 stati a Cengio nel maggio scorso, partecipando al concorso &#8220;Per un muro a regola d&#8217;arte&#8221;, seconda edizione di una grande kermesse artistica che ha ricevuto larghi consensi, anche da critici competenti. Nel pieno rispetto del decoro urbano, il muretto &#8220;del pino&#8221;, finora grigio e anonimo, si trasformer\u00e0 in un microcosmo vivo e colorato che parla un linguaggio semplice e universale, un&#8217;esplosione di natura e di semplicit\u00e0 garbata.<\/p>\n<p>Questo \u00e8 il pensiero dei due artisti:<\/p>\n<blockquote><p>&#8220;Ritorno&#8221;. Questo \u00e8 il titolo, perch\u00e8 la cittadina di Cengio, sulle prime, assomiglia ad un altro miliardo di paesini sparsi nell&#8217;entroterra, se sei di passaggio e non ti fermi rischi di non ricordarla&#8230;..ma&#8230;..se per un qualsiasi motivo hai la fortuna di trattenerti per un po&#8217;, scopri che le persone che vi abitano sono speciali, i liguri sono notoriamente in chiusura, poco espansivi, schivi, gli abitanti di Cengio hanno un approccio differente con il &#8220;forestiero&#8221;, hanno la capacit\u00e0 di essere ospitali.<\/p>\n<p>Ci \u00e8 stato chiesto di motivare il murale che ci accingeremo a fare, il &#8220;ritorno&#8221; \u00e8 la nostra interpretazione, ritorno perch\u00e8 \u00e8 ricomparsa la natura cos\u00ec vessata in precedenza, ritorno come rinascita perch\u00e8 a volte fare un passo indietro ti permette un cammino pi\u00f9 lungo, e poi c&#8217;\u00e8 il nostro ritorno che ci consente di incontrare nuovamente delle persone che condividono con noi la voglia di colorare i muri, che per fortuna sono di tutti e per tutti.<\/p><\/blockquote>\n","protected":false},"excerpt":{"rendered":"<p>Cengio. Il settore Cultura del Comune di Cengio ha aderito per il secondo anno alla Giornata Europea del Patrimonio, indetta dal Ministero per i Beni Culturali e programmata per questo fine settimana di settembre. E, mentre a Cengio Alto sono state organizzate visite guidate dai &#8220;volontari dell&#8217;arte&#8221; al Santuario seicentesco della Nativit\u00e0 di Maria Vergine, [&hellip;]<\/p>\n","protected":false},"author":10593,"featured_media":0,"comment_status":"open","ping_status":"closed","sticky":false,"template":"","format":"standard","meta":{"footnotes":""},"categories":[45296,56],"tags":[],"class_list":["post-302045","post","type-post","status-publish","format-standard","hentry","category-copertina","category-altre","post_cat_citta-cengio"],"amp_validity":null,"amp_enabled":true,"_links":{"self":[{"href":"https:\/\/staging.ivg.it\/ediapi\/wp\/v2\/posts\/302045","targetHints":{"allow":["GET"]}}],"collection":[{"href":"https:\/\/staging.ivg.it\/ediapi\/wp\/v2\/posts"}],"about":[{"href":"https:\/\/staging.ivg.it\/ediapi\/wp\/v2\/types\/post"}],"author":[{"embeddable":true,"href":"https:\/\/staging.ivg.it\/ediapi\/wp\/v2\/users\/10593"}],"replies":[{"embeddable":true,"href":"https:\/\/staging.ivg.it\/ediapi\/wp\/v2\/comments?post=302045"}],"version-history":[{"count":0,"href":"https:\/\/staging.ivg.it\/ediapi\/wp\/v2\/posts\/302045\/revisions"}],"wp:attachment":[{"href":"https:\/\/staging.ivg.it\/ediapi\/wp\/v2\/media?parent=302045"}],"wp:term":[{"taxonomy":"category","embeddable":true,"href":"https:\/\/staging.ivg.it\/ediapi\/wp\/v2\/categories?post=302045"},{"taxonomy":"post_tag","embeddable":true,"href":"https:\/\/staging.ivg.it\/ediapi\/wp\/v2\/tags?post=302045"}],"curies":[{"name":"wp","href":"https:\/\/api.w.org\/{rel}","templated":true}]}}