{"id":301898,"date":"2015-09-17T19:40:34","date_gmt":"2015-09-17T17:40:34","guid":{"rendered":"http:\/\/www.ivg.it\/?p=301898"},"modified":"2015-09-17T19:40:34","modified_gmt":"2015-09-17T17:40:34","slug":"trail-urbano-by-osa-a-savona-il-4-ottobre","status":"publish","type":"post","link":"https:\/\/staging.ivg.it\/2015\/09\/trail-urbano-by-osa-a-savona-il-4-ottobre\/","title":{"rendered":"Trail urbano by Osa, a Savona il 4 ottobre"},"content":{"rendered":"<p><span class=\"fsl\"><strong>Savona. Domenica 4 ottobre si svolger\u00e0 il secondo trail urbano by OSA della citt\u00e0 di Savona<\/strong>. Si tratter\u00e0 di 9 km di percorso cittadino con salite, discese, scalinate, vicoli e alcune sorprese che l&#8217;organizzazione sta preparado per i partecipanti. <\/span><\/p>\n<p><span class=\"fsl\"><strong>La partenza sar\u00e0 fissata per le 9.00 <\/strong>e tutti <strong>i concorrenti potranno affrontare, a passo libero, il percorso<\/strong>. I pi\u00f9 allenati potranno dare il massimo per cercare di salire sul podio e le famiglie potranno passeggiare e attraversare angoli nascosti di una Savona bella e sportiva. <\/span><\/p>\n<p><span class=\"fsl\"><strong>Il fulcro della corsa sar\u00e0 la fortezza del Priamar<\/strong>, che ospiter\u00e0 la partenza, l&#8217;arrivo e l&#8217;ufficio iscrizioni, aperte anche la mattina del 4 ottobre fino e non oltre le 8.45. Sar\u00e0 anche allestito uno stand della HOKA dove si potranno provare gratuitamente le famose scar<span class=\"text_exposed_show\">pe e riconsegnarle all&#8217;arrivo (fatta salva la disponibilit\u00e0 di modelli e misure). A fine gare, per chi volesse, sar\u00e0 organizzato un pasta party, per chiudere in allegra compagnia la giornata. <\/span><\/span><\/p>\n<p><span class=\"fsl\"><span class=\"text_exposed_show\"><strong>Dalle ore 8 del mattino saranno a disposizione gli spogliatoi della piscina comunale<\/strong>, subito al di sotto della fortezza,\u00a0 consentendo cos\u00ec ai partecipanti anche di farsi una eventuale doccia. Un servizio di guardaroba, invece, sar\u00e0 allestito accanto alle iscrizioni. <\/span><\/span><\/p>\n<p><span class=\"fsl\"><span class=\"text_exposed_show\"><strong>Le modalit\u00e0 di iscrizione<\/strong> alla corsa sono le seguenti:<br \/>\nPresso lo Scoiattolo di via Pia a Savona, con ritiro immediato di pettorale e pacco gara.<br \/>\nVia e-mail a osaoutdoor@gmail.com , con ritiro pettorale e pacco gara la mattina della corsa.<br \/>\nMessaggio sulla pagina Facebook dell&#8217;evento, con ritiro pettorale e pacco gara la mattina della corsa.<br \/>\n<\/span><\/span><\/p>\n<p><span class=\"fsl\"><span class=\"text_exposed_show\"><strong>I costi<\/strong> del trail Urbano:<br \/>\n0-8 anni gratis: pettorale + medaglia di partecipazione<br \/>\n8-12 anni 5 euro: pettorale + pacco gara)<br \/>\n12 anni in poi 10 euro: pettorale +pacco gara + omaggio<\/span><\/span><\/p>\n<p><span class=\"fsl\"><span class=\"text_exposed_show\">Quest&#8217;anno il trail urbano \u00e8 stato inserito in una manifestazione di tre giorni, Savonaturalmente, (<a href=\"http:\/\/l.facebook.com\/l.php?u=http%3A%2F%2Fwww.savonaturalmente.it%2F&amp;h=DAQFkdbHW&amp;enc=AZNh0fzNqAgslXs2X8w2yj1v-CJmnkxOu7WzDsQ9g7E5En8w59RRuT-TM7eaEWJ71JY&amp;s=1\" target=\"_blank\" rel=\"nofollow nofollow\">www.savonaturalmente.it<\/a>) una festa del benessere in pieno spirito OSA, con stand sia gastronomici che espositivi del settore.<\/span><\/span><\/p>\n","protected":false},"excerpt":{"rendered":"<p>Savona. Domenica 4 ottobre si svolger\u00e0 il secondo trail urbano by OSA della citt\u00e0 di Savona. Si tratter\u00e0 di 9 km di percorso cittadino con salite, discese, scalinate, vicoli e alcune sorprese che l&#8217;organizzazione sta preparado per i partecipanti. La partenza sar\u00e0 fissata per le 9.00 e tutti i concorrenti potranno affrontare, a passo libero, [&hellip;]<\/p>\n","protected":false},"author":12631,"featured_media":0,"comment_status":"open","ping_status":"closed","sticky":false,"template":"","format":"standard","meta":{"footnotes":""},"categories":[47716,32],"tags":[345,86176,85995,3661,85834,75407],"class_list":["post-301898","post","type-post","status-publish","format-standard","hentry","category-atletica-sport","category-sport","tag-corsa","tag-piscina-comunale","tag-priamar","tag-rocca","tag-sport","tag-trail-urbano","post_cat_citta-savona"],"amp_validity":null,"amp_enabled":true,"_links":{"self":[{"href":"https:\/\/staging.ivg.it\/ediapi\/wp\/v2\/posts\/301898","targetHints":{"allow":["GET"]}}],"collection":[{"href":"https:\/\/staging.ivg.it\/ediapi\/wp\/v2\/posts"}],"about":[{"href":"https:\/\/staging.ivg.it\/ediapi\/wp\/v2\/types\/post"}],"author":[{"embeddable":true,"href":"https:\/\/staging.ivg.it\/ediapi\/wp\/v2\/users\/12631"}],"replies":[{"embeddable":true,"href":"https:\/\/staging.ivg.it\/ediapi\/wp\/v2\/comments?post=301898"}],"version-history":[{"count":0,"href":"https:\/\/staging.ivg.it\/ediapi\/wp\/v2\/posts\/301898\/revisions"}],"wp:attachment":[{"href":"https:\/\/staging.ivg.it\/ediapi\/wp\/v2\/media?parent=301898"}],"wp:term":[{"taxonomy":"category","embeddable":true,"href":"https:\/\/staging.ivg.it\/ediapi\/wp\/v2\/categories?post=301898"},{"taxonomy":"post_tag","embeddable":true,"href":"https:\/\/staging.ivg.it\/ediapi\/wp\/v2\/tags?post=301898"}],"curies":[{"name":"wp","href":"https:\/\/api.w.org\/{rel}","templated":true}]}}