{"id":301839,"date":"2015-09-17T08:31:19","date_gmt":"2015-09-17T06:31:19","guid":{"rendered":"http:\/\/www.ivg.it\/?p=301839"},"modified":"2015-09-17T13:29:31","modified_gmt":"2015-09-17T11:29:31","slug":"e-ai-domiciliari-ma-va-a-fare-la-spesa-arrestato-36enne-di-noli","status":"publish","type":"post","link":"https:\/\/staging.ivg.it\/2015\/09\/e-ai-domiciliari-ma-va-a-fare-la-spesa-arrestato-36enne-di-noli\/","title":{"rendered":"E&#8217; ai domiciliari ma va a fare la spesa: arrestato 36enne di Noli"},"content":{"rendered":"<p><strong>Noli.<\/strong> Forse aveva il frigo vuoto, o forse una voglia improvvisa e irresistibile lo ha spinto ad uscire anche se non avrebbe dovuto. Cos\u00ec ieri sera un 36enne di Noli, C.G., ha lasciato la propria abitazione per recarsi al supermercato per fare la spesa: un gesto normalissimo che per\u00f2 non \u00e8 consentito ad una persona sottoposta agli arresti domiciliari, e che \u00e8 costato all&#8217;uomo un nuovo arresto.<\/p>\n<p>I carabinieri infatti lo hanno sorpreso al supermercato sprovvisto di autorizzazione, ed inevitabilmente per lui sono scattate le manette. L&#8217;uomo \u00e8 stato riaccompagnato a casa dai militari.<\/p>\n","protected":false},"excerpt":{"rendered":"<p>Noli. Forse aveva il frigo vuoto, o forse una voglia improvvisa e irresistibile lo ha spinto ad uscire anche se non avrebbe dovuto. Cos\u00ec ieri sera un 36enne di Noli, C.G., ha lasciato la propria abitazione per recarsi al supermercato per fare la spesa: un gesto normalissimo che per\u00f2 non \u00e8 consentito ad una persona [&hellip;]<\/p>\n","protected":false},"author":10593,"featured_media":0,"comment_status":"open","ping_status":"closed","sticky":false,"template":"","format":"standard","meta":{"footnotes":""},"categories":[45296,34],"tags":[4189,228],"class_list":["post-301839","post","type-post","status-publish","format-standard","hentry","category-copertina","category-cronaca","tag-arresti-domiciliari","tag-carabinieri","post_cat_citta-noli"],"amp_validity":null,"amp_enabled":true,"_links":{"self":[{"href":"https:\/\/staging.ivg.it\/ediapi\/wp\/v2\/posts\/301839","targetHints":{"allow":["GET"]}}],"collection":[{"href":"https:\/\/staging.ivg.it\/ediapi\/wp\/v2\/posts"}],"about":[{"href":"https:\/\/staging.ivg.it\/ediapi\/wp\/v2\/types\/post"}],"author":[{"embeddable":true,"href":"https:\/\/staging.ivg.it\/ediapi\/wp\/v2\/users\/10593"}],"replies":[{"embeddable":true,"href":"https:\/\/staging.ivg.it\/ediapi\/wp\/v2\/comments?post=301839"}],"version-history":[{"count":0,"href":"https:\/\/staging.ivg.it\/ediapi\/wp\/v2\/posts\/301839\/revisions"}],"wp:attachment":[{"href":"https:\/\/staging.ivg.it\/ediapi\/wp\/v2\/media?parent=301839"}],"wp:term":[{"taxonomy":"category","embeddable":true,"href":"https:\/\/staging.ivg.it\/ediapi\/wp\/v2\/categories?post=301839"},{"taxonomy":"post_tag","embeddable":true,"href":"https:\/\/staging.ivg.it\/ediapi\/wp\/v2\/tags?post=301839"}],"curies":[{"name":"wp","href":"https:\/\/api.w.org\/{rel}","templated":true}]}}