{"id":301496,"date":"2015-09-11T20:08:18","date_gmt":"2015-09-11T18:08:18","guid":{"rendered":"http:\/\/www.ivg.it\/?p=301496"},"modified":"2015-09-11T20:08:18","modified_gmt":"2015-09-11T18:08:18","slug":"orcino-sbarca-alla-letimbro","status":"publish","type":"post","link":"https:\/\/staging.ivg.it\/2015\/09\/orcino-sbarca-alla-letimbro\/","title":{"rendered":"Orcino sbarca alla Letimbro"},"content":{"rendered":"<p><strong>Savona<\/strong>. A pochi giorni dalla chiusura del mercato e ventiquattro ore prima del 1\u00b0 torneo Pino Rizzo, <strong>la U.S.Letimbro chiude col botto mettendo la ciliegina sulla torta alla sua gi\u00e0 ricca campagna acquisti<\/strong>. Arriva infatti, in prestito dall&#8217;Albisola, il talentuoso centrocampista <strong>Matteo Orcino<\/strong>, classe 1991 ed ex capitano biancazzurro.<\/p>\n<p>Si \u00e8 trattato di un&#8217;occasione importante, visti gli impegni personali del ragazzo non pi\u00f9 compatibili con il progetto della nuova gestione dei ceramisti nel campionato di Promozione. <strong>Un&#8217;occasione che la societ\u00e0 giallobl\u00f9 non si \u00e8 lasciata sfuggire!<\/strong><\/p>\n<p>&#8220;<strong>Sono contento di poter ritornare a giocare dopo tanti anni con i miei amici d&#8217;infanzia<\/strong> &#8211; dichiara Matteo Orcino nel comunicato della Letimbro &#8211; cercher\u00f2 di dare il massimo per questa societ\u00e0 che ha dimostrato fin dall&#8217;inizio di voler puntare forte sulle mie potenzialit\u00e0&#8221;.<\/p>\n<p>Confermato dunque il buon feeling tra le due compagini, con la Letimbro che ringrazia l&#8217;Albisola per la disponibilit\u00e0 nell&#8217;ennesima trattativa andata a buon fine, dopo quelle che a inizio estate hanno portato tra le fila giallobl\u00f9 Ragone, Siri e Vanara.<\/p>\n<p>L&#8217;arrivo di un altro giocatore di categoria superiore va ad <strong>aumentare la caratura della rosa e l&#8217;assetto gi\u00e0 competitivo della Letimbro<\/strong>, in vista dell&#8217;imminente inizio del nuovo campionato di Seconda Categoria.<\/p>\n","protected":false},"excerpt":{"rendered":"<p>Savona. A pochi giorni dalla chiusura del mercato e ventiquattro ore prima del 1\u00b0 torneo Pino Rizzo, la U.S.Letimbro chiude col botto mettendo la ciliegina sulla torta alla sua gi\u00e0 ricca campagna acquisti. Arriva infatti, in prestito dall&#8217;Albisola, il talentuoso centrocampista Matteo Orcino, classe 1991 ed ex capitano biancazzurro. Si \u00e8 trattato di un&#8217;occasione importante, [&hellip;]<\/p>\n","protected":false},"author":12631,"featured_media":0,"comment_status":"open","ping_status":"closed","sticky":false,"template":"","format":"standard","meta":{"footnotes":""},"categories":[182,32],"tags":[10894,85989,41231,745,1941],"class_list":["post-301496","post","type-post","status-publish","format-standard","hentry","category-calcio","category-sport","tag-acquisti","tag-calcio","tag-calciomercato","tag-letimbro","tag-mercato","post_cat_citta-savona","post_tag_personaggi-matteo-orcino"],"amp_validity":null,"amp_enabled":true,"_links":{"self":[{"href":"https:\/\/staging.ivg.it\/ediapi\/wp\/v2\/posts\/301496","targetHints":{"allow":["GET"]}}],"collection":[{"href":"https:\/\/staging.ivg.it\/ediapi\/wp\/v2\/posts"}],"about":[{"href":"https:\/\/staging.ivg.it\/ediapi\/wp\/v2\/types\/post"}],"author":[{"embeddable":true,"href":"https:\/\/staging.ivg.it\/ediapi\/wp\/v2\/users\/12631"}],"replies":[{"embeddable":true,"href":"https:\/\/staging.ivg.it\/ediapi\/wp\/v2\/comments?post=301496"}],"version-history":[{"count":0,"href":"https:\/\/staging.ivg.it\/ediapi\/wp\/v2\/posts\/301496\/revisions"}],"wp:attachment":[{"href":"https:\/\/staging.ivg.it\/ediapi\/wp\/v2\/media?parent=301496"}],"wp:term":[{"taxonomy":"category","embeddable":true,"href":"https:\/\/staging.ivg.it\/ediapi\/wp\/v2\/categories?post=301496"},{"taxonomy":"post_tag","embeddable":true,"href":"https:\/\/staging.ivg.it\/ediapi\/wp\/v2\/tags?post=301496"}],"curies":[{"name":"wp","href":"https:\/\/api.w.org\/{rel}","templated":true}]}}