{"id":301109,"date":"2015-09-07T07:13:19","date_gmt":"2015-09-07T05:13:19","guid":{"rendered":"http:\/\/www.ivg.it\/?p=301109"},"modified":"2015-09-07T07:13:54","modified_gmt":"2015-09-07T05:13:54","slug":"rifiuti-in-alta-val-bormida-scatta-la-raccolta-differenziata-porta-a-porta","status":"publish","type":"post","link":"https:\/\/staging.ivg.it\/2015\/09\/rifiuti-in-alta-val-bormida-scatta-la-raccolta-differenziata-porta-a-porta\/","title":{"rendered":"Rifiuti, in Alta Val Bormida scatta la raccolta differenziata porta a porta"},"content":{"rendered":"<p><strong>Murialdo. Dal prossimo mese di ottobre in Alta Val Bormida scatta il passaggio alla raccolta differenziata porta a porta <\/strong>e Murialdo sar\u00e0 il Comune capofila dopo la rivoluzione scatter\u00e0 gi\u00e0 nei prossimi giorni.<strong><br \/>\n<\/strong><br \/>\n<strong>&#8220;Siamo pronti a partire con la \u201crivoluzione\u201d nel sistema di raccolta rifiuti &#8211; annuncia il sindaco di Calizzano, Pierangelo Olivieri -.<\/strong> Per capire tutti insieme come dovremo gestire i rifiuti con il nuovo sistema, avremo 4 occasioni in cui incontrarci: l\u2019obiettivo e\u2019 migliorare nettamente la qualit\u00e0 del servizio, e arrivare a superare la soglia di legge del 65 per cento di raccolta differenziata&#8221;.<\/p>\n<p><strong>Le assemblee pubbliche per Calizzano, organizzate in collaborazione con Ata, sono gi\u00e0 state programmate per l\u201911, 18 e 25 settembre al centro Le Ciminiere<\/strong>, e il 17 al salone parrocchiale, sempre alle 21. Un punto informativo sar\u00e0 attivo l\u20198, 15 e 22 settembre in concomitanza con il mercato settimanale.<\/p>\n","protected":false},"excerpt":{"rendered":"<p>Murialdo. Dal prossimo mese di ottobre in Alta Val Bormida scatta il passaggio alla raccolta differenziata porta a porta e Murialdo sar\u00e0 il Comune capofila dopo la rivoluzione scatter\u00e0 gi\u00e0 nei prossimi giorni. &#8220;Siamo pronti a partire con la \u201crivoluzione\u201d nel sistema di raccolta rifiuti &#8211; annuncia il sindaco di Calizzano, Pierangelo Olivieri -. Per [&hellip;]<\/p>\n","protected":false},"author":12291,"featured_media":0,"comment_status":"open","ping_status":"closed","sticky":false,"template":"","format":"standard","meta":{"footnotes":""},"categories":[45296,56],"tags":[2219],"class_list":["post-301109","post","type-post","status-publish","format-standard","hentry","category-copertina","category-altre","tag-raccolta-differenziata","post_cat_citta-calizzano","post_cat_citta-murialdo","post_tag_personaggi-pierangelo-olivieri"],"amp_validity":null,"amp_enabled":true,"_links":{"self":[{"href":"https:\/\/staging.ivg.it\/ediapi\/wp\/v2\/posts\/301109","targetHints":{"allow":["GET"]}}],"collection":[{"href":"https:\/\/staging.ivg.it\/ediapi\/wp\/v2\/posts"}],"about":[{"href":"https:\/\/staging.ivg.it\/ediapi\/wp\/v2\/types\/post"}],"author":[{"embeddable":true,"href":"https:\/\/staging.ivg.it\/ediapi\/wp\/v2\/users\/12291"}],"replies":[{"embeddable":true,"href":"https:\/\/staging.ivg.it\/ediapi\/wp\/v2\/comments?post=301109"}],"version-history":[{"count":0,"href":"https:\/\/staging.ivg.it\/ediapi\/wp\/v2\/posts\/301109\/revisions"}],"wp:attachment":[{"href":"https:\/\/staging.ivg.it\/ediapi\/wp\/v2\/media?parent=301109"}],"wp:term":[{"taxonomy":"category","embeddable":true,"href":"https:\/\/staging.ivg.it\/ediapi\/wp\/v2\/categories?post=301109"},{"taxonomy":"post_tag","embeddable":true,"href":"https:\/\/staging.ivg.it\/ediapi\/wp\/v2\/tags?post=301109"}],"curies":[{"name":"wp","href":"https:\/\/api.w.org\/{rel}","templated":true}]}}