{"id":300636,"date":"2015-08-30T14:14:27","date_gmt":"2015-08-30T12:14:27","guid":{"rendered":"http:\/\/www.ivg.it\/?p=300636"},"modified":"2015-08-30T14:14:27","modified_gmt":"2015-08-30T12:14:27","slug":"open-day-la-priamar-accoglie-i-giovani-calciatori","status":"publish","type":"post","link":"https:\/\/staging.ivg.it\/2015\/08\/open-day-la-priamar-accoglie-i-giovani-calciatori\/","title":{"rendered":"Open day, la Priamar accoglie i giovani calciatori"},"content":{"rendered":"<p><a href=\"http:\/\/www.uspriamar1942liguria.it\/\" target=\"_blank\">La<strong> Priamar<\/strong><\/a> apre le sue porte ai giovani calciatori: un <strong>weekend di open day<\/strong> per la societ\u00e0 savonese, che punta e investe sul settore giovanile come poche altre e viene premiata dall&#8217;interesse e dal favore delle famiglie e dei giovani sportivi.<\/p>\n<p>Due giorni di gioco e di calcio: sabato al campo vicino alla parrocchia savonese del <strong>Sacro Cuore<\/strong>, domenica al campo dei giardini di <strong>via Trincee<\/strong> tecnici, allenatori e dirigenti del settore giovanile hanno accolto giovani calciatori e famiglie per introdurli nel grande mondo del calcio.<\/p>\n<p>&#8220;In due giorni abbiamo fatto divertire circa sessanta bambini, per noi \u00e8 un ottimo risultato &#8211; spiega <strong>Fabio Negro<\/strong>, responsabile dei giovani calciatori classe 2007 &#8211; sono giornate che consentono ai bambini di capire se giocando a calcio si possono divertire, se fa per loro&#8221;.<br \/>\nNon solo agonismo, allora, nell&#8217;open day della Priamar: &#8220;l&#8217;aspetto ludico a questa et\u00e0 \u00e8 importantissimo &#8211; dice ancora Negro &#8211; e in questi giorni abbiamo fatto giocare i bambini perch\u00e9 capiscano se anche alla scuola calcio potranno farlo. Per noi \u00e8 questa la priorit\u00e0&#8221;.<\/p>\n<p>La Priamar cresce anche grazie al settore giovanile: &#8220;siamo partiti da zero, ancora pochi anni fa faticavamo ad avere le squadre &#8211; prosegue <strong>Negro<\/strong> &#8211; ora abbiamo delle giovanili ben sviluppate e, se andr\u00e0 come sembra, per questi bambini faremo ben tre squadre la prossima stagione&#8221;.<\/p>\n<p>L&#8217;esperienza positiva trova concordi anche i genitori: &#8220;\u00e8 utile per scoprire il settore giovanile, quando ancora ci si diverte davvero &#8211; spiega <strong>Fabio P.<\/strong>, genitore di uno dei bambini all\u00ec&#8217;open day &#8211; il calcio \u00e8 uno sport educativo, soprattutto all&#8217;inizio, a questa et\u00e0, e la Priamar \u00e8 una societ\u00e0 molto attenta, con allenatori davvero bravi anche in questo&#8221;.<\/p>\n","protected":false},"excerpt":{"rendered":"<p>La Priamar apre le sue porte ai giovani calciatori: un weekend di open day per la societ\u00e0 savonese, che punta e investe sul settore giovanile come poche altre e viene premiata dall&#8217;interesse e dal favore delle famiglie e dei giovani sportivi. Due giorni di gioco e di calcio: sabato al campo vicino alla parrocchia savonese [&hellip;]<\/p>\n","protected":false},"author":12631,"featured_media":0,"comment_status":"open","ping_status":"closed","sticky":false,"template":"","format":"standard","meta":{"footnotes":""},"categories":[182,32],"tags":[85989,10724,85995,28498],"class_list":["post-300636","post","type-post","status-publish","format-standard","hentry","category-calcio","category-sport","tag-calcio","tag-giovanili","tag-priamar","tag-scuola-calcio","post_cat_citta-savona","post_tag_personaggi-fabio-negro"],"amp_validity":null,"amp_enabled":true,"_links":{"self":[{"href":"https:\/\/staging.ivg.it\/ediapi\/wp\/v2\/posts\/300636","targetHints":{"allow":["GET"]}}],"collection":[{"href":"https:\/\/staging.ivg.it\/ediapi\/wp\/v2\/posts"}],"about":[{"href":"https:\/\/staging.ivg.it\/ediapi\/wp\/v2\/types\/post"}],"author":[{"embeddable":true,"href":"https:\/\/staging.ivg.it\/ediapi\/wp\/v2\/users\/12631"}],"replies":[{"embeddable":true,"href":"https:\/\/staging.ivg.it\/ediapi\/wp\/v2\/comments?post=300636"}],"version-history":[{"count":0,"href":"https:\/\/staging.ivg.it\/ediapi\/wp\/v2\/posts\/300636\/revisions"}],"wp:attachment":[{"href":"https:\/\/staging.ivg.it\/ediapi\/wp\/v2\/media?parent=300636"}],"wp:term":[{"taxonomy":"category","embeddable":true,"href":"https:\/\/staging.ivg.it\/ediapi\/wp\/v2\/categories?post=300636"},{"taxonomy":"post_tag","embeddable":true,"href":"https:\/\/staging.ivg.it\/ediapi\/wp\/v2\/tags?post=300636"}],"curies":[{"name":"wp","href":"https:\/\/api.w.org\/{rel}","templated":true}]}}