{"id":300474,"date":"2015-08-27T16:32:40","date_gmt":"2015-08-27T14:32:40","guid":{"rendered":"http:\/\/www.ivg.it\/?p=300474"},"modified":"2015-08-27T16:50:57","modified_gmt":"2015-08-27T14:50:57","slug":"pietra-ligure-commercio-abusivo-canciani-il-sindaco-si-assuma-le-sue-responsabilita","status":"publish","type":"post","link":"https:\/\/staging.ivg.it\/2015\/08\/pietra-ligure-commercio-abusivo-canciani-il-sindaco-si-assuma-le-sue-responsabilita\/","title":{"rendered":"Pietra Ligure, commercio abusivo. Canciani: &#8220;Il sindaco si assuma le sue responsabilit\u00e0&#8221;"},"content":{"rendered":"<p><strong>Pietra L.<\/strong> &#8220;\u00c8 vero il problema andrebbe risolto alla fonte ma se questa problematica, per svariati motivi, non viene risolta dall&#8217;alto a rimetterci non devono essere come sempre coloro che hanno attivit\u00e0 commerciali e i frequentatori di spiagge e cittadine rivierasche, bisogna che i vari comuni prendano dei provvedimenti&#8221;. Cos\u00ec l&#8217;esponente di Forza Italia Matteo Canciani dopo la scoperta del deposito di merce contraffatta a Pietra Ligure.<\/p>\n<p>&#8220;Il controllo delle stazioni ferroviarie come soluzione per arginare il problema non \u00e8 affatto un errore di pensiero, ma una soluzione per risolvere il pi\u00f9 possibile il fenomeno anche con l&#8217;aiuto, qualora ce ne fosse bisogno, dell&#8217;Esercito. Questi blitz fatti al termine della stagione turistica non fanno altro che buttare &#8220;fumo negli occhi&#8221; ai cittadini per raggirare il problema, anche se personalmente ringrazio e mi congratulo con chi ha il compito di eseguire gli ordini&#8221; dice Canciani.<\/p>\n<p>&#8220;Le responsabilit\u00e0 sono totalmente politiche a livello nazionale, regionale e anche comunale e fare lo &#8220;scarica barile&#8221; non fa altro che mettere in cattiva luce la giunta comunale incapace di gestire al meglio le proprie risorse&#8221;.<\/p>\n<p>&#8220;Le spiagge della Riviera ligure ogni anno vengono invase da questi venditori ambulanti e pi\u00f9 il tempo passa e pi\u00f9 il numero dei &#8220;vucumpr\u00e0&#8221; aumenta e affermare che \u00e8 stato fatto il possibile \u00e8 una presa in giro soprattutto per coloro che pagando le tasse regolarmente vorrebbero non avere una concorrenza sleale come accade ogni anno&#8221;.<\/p>\n<p>&#8220;Prendiamoci tutti le nostre colpe e assumiamoci le proprie responsabilit\u00e0 perch\u00e9 il detto dice: volere \u00e8 potere. Tutto il resto sono solo scuse&#8221; conclude.<\/p>\n","protected":false},"excerpt":{"rendered":"<p>Pietra L. &#8220;\u00c8 vero il problema andrebbe risolto alla fonte ma se questa problematica, per svariati motivi, non viene risolta dall&#8217;alto a rimetterci non devono essere come sempre coloro che hanno attivit\u00e0 commerciali e i frequentatori di spiagge e cittadine rivierasche, bisogna che i vari comuni prendano dei provvedimenti&#8221;. Cos\u00ec l&#8217;esponente di Forza Italia Matteo [&hellip;]<\/p>\n","protected":false},"author":4,"featured_media":0,"comment_status":"open","ping_status":"closed","sticky":false,"template":"","format":"standard","meta":{"footnotes":""},"categories":[34,31],"tags":[11128,7692],"class_list":["post-300474","post","type-post","status-publish","format-standard","hentry","category-cronaca","category-politica","tag-commercio-abusivo","tag-merce-contraffatta","post_cat_citta-pietra-ligure","post_tag_personaggi-matteo-canciani-2"],"amp_validity":null,"amp_enabled":true,"_links":{"self":[{"href":"https:\/\/staging.ivg.it\/ediapi\/wp\/v2\/posts\/300474","targetHints":{"allow":["GET"]}}],"collection":[{"href":"https:\/\/staging.ivg.it\/ediapi\/wp\/v2\/posts"}],"about":[{"href":"https:\/\/staging.ivg.it\/ediapi\/wp\/v2\/types\/post"}],"author":[{"embeddable":true,"href":"https:\/\/staging.ivg.it\/ediapi\/wp\/v2\/users\/4"}],"replies":[{"embeddable":true,"href":"https:\/\/staging.ivg.it\/ediapi\/wp\/v2\/comments?post=300474"}],"version-history":[{"count":0,"href":"https:\/\/staging.ivg.it\/ediapi\/wp\/v2\/posts\/300474\/revisions"}],"wp:attachment":[{"href":"https:\/\/staging.ivg.it\/ediapi\/wp\/v2\/media?parent=300474"}],"wp:term":[{"taxonomy":"category","embeddable":true,"href":"https:\/\/staging.ivg.it\/ediapi\/wp\/v2\/categories?post=300474"},{"taxonomy":"post_tag","embeddable":true,"href":"https:\/\/staging.ivg.it\/ediapi\/wp\/v2\/tags?post=300474"}],"curies":[{"name":"wp","href":"https:\/\/api.w.org\/{rel}","templated":true}]}}