{"id":300098,"date":"2015-08-21T14:12:02","date_gmt":"2015-08-21T12:12:02","guid":{"rendered":"http:\/\/www.ivg.it\/?p=300098"},"modified":"2015-08-21T14:12:02","modified_gmt":"2015-08-21T12:12:02","slug":"loano-tutto-pronto-per-miss-pro-loco-2015","status":"publish","type":"post","link":"https:\/\/staging.ivg.it\/2015\/08\/loano-tutto-pronto-per-miss-pro-loco-2015\/","title":{"rendered":"Loano: tutto pronto per Miss Pro Loco 2015"},"content":{"rendered":"<p><strong>Loano<\/strong>. Torna anche quest&#8217;anno l&#8217;atteso appuntamento con Miss Pro Loco, il concorso organizzato dalla Pro Loco di Loano in collaborazione con l&#8217;Agenzia AST Promotion, con il patrocinio dell\u2019assessorato a turismo, cultura e sport del Comune di Loano.<\/p>\n<p>A fare da cornice alle &#8220;pi\u00f9 belle del reame&#8221; sar\u00e0 ancora una volta Marina Beach, Le iscrizioni delle aspiranti miss, tra i 14 e i 29 anni di et\u00e0, saranno aperte dalle ore 15,30 di domenica 23 agosto. Tutte le ragazze saranno truccate e pettinate per la passerella che prender\u00e0 il via alle 21, prima con la sfilata in costume da bagno, poi con abbigliamento casual ed infine con abiti eleganti.<\/p>\n<p>Le coreografie della serata saranno a cura della ballerina e coreografa Mabel Melena Soyer.<\/p>\n<p>Alle ore 22,30 si svolger\u00e0 la Sfilata di acconciature a cura de \u201cLa Svolta Parrucchieri\u201d di Loano.<\/p>\n<p>Condurranno l\u2019evento Simona Vallarino e Vincenzo Maffi. La serata si chiuder\u00e0 con la proclamazione della vincitrice. Oltre a Miss Pro Loco Loano saranno premiate anche Miss Sorriso e Miss Professionalit\u00e0.<\/p>\n","protected":false},"excerpt":{"rendered":"<p>Loano. Torna anche quest&#8217;anno l&#8217;atteso appuntamento con Miss Pro Loco, il concorso organizzato dalla Pro Loco di Loano in collaborazione con l&#8217;Agenzia AST Promotion, con il patrocinio dell\u2019assessorato a turismo, cultura e sport del Comune di Loano. A fare da cornice alle &#8220;pi\u00f9 belle del reame&#8221; sar\u00e0 ancora una volta Marina Beach, Le iscrizioni delle [&hellip;]<\/p>\n","protected":false},"author":18,"featured_media":0,"comment_status":"open","ping_status":"closed","sticky":false,"template":"","format":"standard","meta":{"footnotes":""},"categories":[56],"tags":[48475],"class_list":["post-300098","post","type-post","status-publish","format-standard","hentry","category-altre","tag-miss-pro-loco","post_cat_citta-loano","post_tag_personaggi-simona-vallarino","post_tag_personaggi-vincenzo-maffi"],"amp_validity":null,"amp_enabled":true,"_links":{"self":[{"href":"https:\/\/staging.ivg.it\/ediapi\/wp\/v2\/posts\/300098","targetHints":{"allow":["GET"]}}],"collection":[{"href":"https:\/\/staging.ivg.it\/ediapi\/wp\/v2\/posts"}],"about":[{"href":"https:\/\/staging.ivg.it\/ediapi\/wp\/v2\/types\/post"}],"author":[{"embeddable":true,"href":"https:\/\/staging.ivg.it\/ediapi\/wp\/v2\/users\/18"}],"replies":[{"embeddable":true,"href":"https:\/\/staging.ivg.it\/ediapi\/wp\/v2\/comments?post=300098"}],"version-history":[{"count":0,"href":"https:\/\/staging.ivg.it\/ediapi\/wp\/v2\/posts\/300098\/revisions"}],"wp:attachment":[{"href":"https:\/\/staging.ivg.it\/ediapi\/wp\/v2\/media?parent=300098"}],"wp:term":[{"taxonomy":"category","embeddable":true,"href":"https:\/\/staging.ivg.it\/ediapi\/wp\/v2\/categories?post=300098"},{"taxonomy":"post_tag","embeddable":true,"href":"https:\/\/staging.ivg.it\/ediapi\/wp\/v2\/tags?post=300098"}],"curies":[{"name":"wp","href":"https:\/\/api.w.org\/{rel}","templated":true}]}}