{"id":299819,"date":"2015-08-18T08:02:35","date_gmt":"2015-08-18T06:02:35","guid":{"rendered":"http:\/\/www.ivg.it\/?p=299819"},"modified":"2015-08-18T08:24:23","modified_gmt":"2015-08-18T06:24:23","slug":"valbormida-in-arrivo-nuovi-occhi-elettronici-supertecnologici","status":"publish","type":"post","link":"https:\/\/staging.ivg.it\/2015\/08\/valbormida-in-arrivo-nuovi-occhi-elettronici-supertecnologici\/","title":{"rendered":"Valbormida, in arrivo nuovi &#8220;occhi elettronici&#8221; supertecnologici"},"content":{"rendered":"<p><strong>Valbormida<\/strong>. E&#8217; sempre pi\u00f9 tecnologica la polizia locale valbormidese. A partire dal prossimo autunno la municipale di Cairo, Carcare e Altare si doter\u00e0 di un nuovo sistema di videosorveglianza in grado di riconoscere le targhe dei veicoli. Gli occhi elettronici saranno collegati ad uno smartphone in dotazione agli agenti che permetter\u00e0 loro di conoscere la &#8220;storia&#8221; di un veicolo in tempo reale.<\/p>\n<p>Il progetto \u00e8 stato finanziato dalla Regione con circa 20 mila euro: la cifra permetter\u00e0 anche di rendere pi\u00f9 efficienti le telecamere installate in prossimit\u00e0 degli accessi ai paesi.<\/p>\n<p>Un&#8217;iniziativa simile verr\u00e0 attuata a Pallare, Mallare e Bormida, dove le telecamere passeranno da una a quattro per ciascun paese. Anche i nuovi apparecchi saranno in grado di &#8220;leggere&#8221; le targhe.<\/p>\n","protected":false},"excerpt":{"rendered":"<p>Nuovi apparecchi di videosorveglianza a Cairo, Carcare e Altare e a Pallare, Mallare e Bormida<\/p>\n","protected":false},"author":12120,"featured_media":0,"comment_status":"open","ping_status":"closed","sticky":false,"template":"","format":"standard","meta":{"footnotes":""},"categories":[34],"tags":[2056,69326,3770],"class_list":["post-299819","post","type-post","status-publish","format-standard","hentry","category-cronaca","tag-polizia-municipale","tag-polizia-municipale-cairo-montenotte","tag-videosorveglianza","post_cat_citta-altare","post_cat_citta-bormida","post_cat_citta-cairo-montenotte","post_cat_citta-carcare","post_cat_citta-mallare","post_cat_citta-pallare"],"amp_validity":null,"amp_enabled":true,"_links":{"self":[{"href":"https:\/\/staging.ivg.it\/ediapi\/wp\/v2\/posts\/299819","targetHints":{"allow":["GET"]}}],"collection":[{"href":"https:\/\/staging.ivg.it\/ediapi\/wp\/v2\/posts"}],"about":[{"href":"https:\/\/staging.ivg.it\/ediapi\/wp\/v2\/types\/post"}],"author":[{"embeddable":true,"href":"https:\/\/staging.ivg.it\/ediapi\/wp\/v2\/users\/12120"}],"replies":[{"embeddable":true,"href":"https:\/\/staging.ivg.it\/ediapi\/wp\/v2\/comments?post=299819"}],"version-history":[{"count":0,"href":"https:\/\/staging.ivg.it\/ediapi\/wp\/v2\/posts\/299819\/revisions"}],"wp:attachment":[{"href":"https:\/\/staging.ivg.it\/ediapi\/wp\/v2\/media?parent=299819"}],"wp:term":[{"taxonomy":"category","embeddable":true,"href":"https:\/\/staging.ivg.it\/ediapi\/wp\/v2\/categories?post=299819"},{"taxonomy":"post_tag","embeddable":true,"href":"https:\/\/staging.ivg.it\/ediapi\/wp\/v2\/tags?post=299819"}],"curies":[{"name":"wp","href":"https:\/\/api.w.org\/{rel}","templated":true}]}}