{"id":299781,"date":"2015-08-17T12:54:32","date_gmt":"2015-08-17T10:54:32","guid":{"rendered":"http:\/\/www.ivg.it\/?p=299781"},"modified":"2015-08-17T12:54:32","modified_gmt":"2015-08-17T10:54:32","slug":"loano-anziano-ospite-della-casa-di-riposo-si-toglie-la-vita","status":"publish","type":"post","link":"https:\/\/staging.ivg.it\/2015\/08\/loano-anziano-ospite-della-casa-di-riposo-si-toglie-la-vita\/","title":{"rendered":"Loano, anziano ospite della casa di riposo si toglie la vita"},"content":{"rendered":"<p><strong>Loano<\/strong>. Un pensionato classe 1938, originario del Vercellese e ospite della casa di riposo per anziani &#8220;Presentazione&#8221; in via Carducci a Loano, si \u00e8 tolto la vita questa mattina.<\/p>\n<p>L&#8217;anziano, che aveva gi\u00e0 avuto in passato crisi depressive, si \u00e8 affacciato alla finestra della struttura per poi lasciarsi cadere nel vuoto. Inutili i soccorsi da parte dei militi e del 118.<\/p>\n","protected":false},"excerpt":{"rendered":"<p>Loano. Un pensionato classe 1938, originario del Vercellese e ospite della casa di riposo per anziani &#8220;Presentazione&#8221; in via Carducci a Loano, si \u00e8 tolto la vita questa mattina. L&#8217;anziano, che aveva gi\u00e0 avuto in passato crisi depressive, si \u00e8 affacciato alla finestra della struttura per poi lasciarsi cadere nel vuoto. Inutili i soccorsi da [&hellip;]<\/p>\n","protected":false},"author":12291,"featured_media":0,"comment_status":"open","ping_status":"closed","sticky":false,"template":"","format":"standard","meta":{"footnotes":""},"categories":[34],"tags":[2410],"class_list":["post-299781","post","type-post","status-publish","format-standard","hentry","category-cronaca","tag-suicidio","post_cat_citta-loano"],"amp_validity":null,"amp_enabled":true,"_links":{"self":[{"href":"https:\/\/staging.ivg.it\/ediapi\/wp\/v2\/posts\/299781","targetHints":{"allow":["GET"]}}],"collection":[{"href":"https:\/\/staging.ivg.it\/ediapi\/wp\/v2\/posts"}],"about":[{"href":"https:\/\/staging.ivg.it\/ediapi\/wp\/v2\/types\/post"}],"author":[{"embeddable":true,"href":"https:\/\/staging.ivg.it\/ediapi\/wp\/v2\/users\/12291"}],"replies":[{"embeddable":true,"href":"https:\/\/staging.ivg.it\/ediapi\/wp\/v2\/comments?post=299781"}],"version-history":[{"count":0,"href":"https:\/\/staging.ivg.it\/ediapi\/wp\/v2\/posts\/299781\/revisions"}],"wp:attachment":[{"href":"https:\/\/staging.ivg.it\/ediapi\/wp\/v2\/media?parent=299781"}],"wp:term":[{"taxonomy":"category","embeddable":true,"href":"https:\/\/staging.ivg.it\/ediapi\/wp\/v2\/categories?post=299781"},{"taxonomy":"post_tag","embeddable":true,"href":"https:\/\/staging.ivg.it\/ediapi\/wp\/v2\/tags?post=299781"}],"curies":[{"name":"wp","href":"https:\/\/api.w.org\/{rel}","templated":true}]}}