{"id":299761,"date":"2015-08-17T10:27:14","date_gmt":"2015-08-17T08:27:14","guid":{"rendered":"http:\/\/www.ivg.it\/?p=299761"},"modified":"2015-08-17T10:27:14","modified_gmt":"2015-08-17T08:27:14","slug":"savona-in-piazza-sisto-il-concerto-del-complesso-bandistico-forzano","status":"publish","type":"post","link":"https:\/\/staging.ivg.it\/2015\/08\/savona-in-piazza-sisto-il-concerto-del-complesso-bandistico-forzano\/","title":{"rendered":"Savona, in piazza Sisto il concerto del complesso bandistico &#8220;Forzano&#8221;"},"content":{"rendered":"<p><strong>Savona<\/strong>. Mercoled\u00ec 19 agosto, alle ore 21,30, in Piazza Sisto IV a Savona si terr\u00e0 il concerto serale del Complesso bandistico Citt\u00e0 di Savona &#8220;A.Forzano&#8221;, in formazione orchestra di fiati.<\/p>\n<p>Il concerto, intitolato &#8220;Notte di mezza estate in musica&#8221;, sar\u00e0 diretto dal maestro Igor Barra. &#8220;Il concerto vuole essere un omaggio offerto alla Cittadinanza ed una promozione della musica come &#8216;esperanto&#8217; contemporaneo, che tutti raggiunge e abbraccia&#8221; spiega il Presidente Vittorio Pagnottone.<\/p>\n<p>L&#8217;evento \u00e8 realizzato in collaborazione con l&#8217;Assessorato alla Cultura del Comune di Savona.<\/p>\n","protected":false},"excerpt":{"rendered":"<p>Savona. Mercoled\u00ec 19 agosto, alle ore 21,30, in Piazza Sisto IV a Savona si terr\u00e0 il concerto serale del Complesso bandistico Citt\u00e0 di Savona &#8220;A.Forzano&#8221;, in formazione orchestra di fiati. Il concerto, intitolato &#8220;Notte di mezza estate in musica&#8221;, sar\u00e0 diretto dal maestro Igor Barra. &#8220;Il concerto vuole essere un omaggio offerto alla Cittadinanza ed [&hellip;]<\/p>\n","protected":false},"author":2394,"featured_media":0,"comment_status":"open","ping_status":"closed","sticky":false,"template":"","format":"standard","meta":{"footnotes":""},"categories":[56],"tags":[30596],"class_list":["post-299761","post","type-post","status-publish","format-standard","hentry","category-altre","tag-banda-forzano","post_cat_citta-savona"],"amp_validity":null,"amp_enabled":true,"_links":{"self":[{"href":"https:\/\/staging.ivg.it\/ediapi\/wp\/v2\/posts\/299761","targetHints":{"allow":["GET"]}}],"collection":[{"href":"https:\/\/staging.ivg.it\/ediapi\/wp\/v2\/posts"}],"about":[{"href":"https:\/\/staging.ivg.it\/ediapi\/wp\/v2\/types\/post"}],"author":[{"embeddable":true,"href":"https:\/\/staging.ivg.it\/ediapi\/wp\/v2\/users\/2394"}],"replies":[{"embeddable":true,"href":"https:\/\/staging.ivg.it\/ediapi\/wp\/v2\/comments?post=299761"}],"version-history":[{"count":0,"href":"https:\/\/staging.ivg.it\/ediapi\/wp\/v2\/posts\/299761\/revisions"}],"wp:attachment":[{"href":"https:\/\/staging.ivg.it\/ediapi\/wp\/v2\/media?parent=299761"}],"wp:term":[{"taxonomy":"category","embeddable":true,"href":"https:\/\/staging.ivg.it\/ediapi\/wp\/v2\/categories?post=299761"},{"taxonomy":"post_tag","embeddable":true,"href":"https:\/\/staging.ivg.it\/ediapi\/wp\/v2\/tags?post=299761"}],"curies":[{"name":"wp","href":"https:\/\/api.w.org\/{rel}","templated":true}]}}