{"id":299756,"date":"2015-08-17T10:03:45","date_gmt":"2015-08-17T08:03:45","guid":{"rendered":"http:\/\/www.ivg.it\/?p=299756"},"modified":"2015-08-17T12:30:14","modified_gmt":"2015-08-17T10:30:14","slug":"alassio-furto-alla-pelletteria-polli-e-il-titolare-mette-online-le-foto","status":"publish","type":"post","link":"https:\/\/staging.ivg.it\/2015\/08\/alassio-furto-alla-pelletteria-polli-e-il-titolare-mette-online-le-foto\/","title":{"rendered":"Alassio, furto alla Pelletteria Polli: e il titolare mette online le foto"},"content":{"rendered":"<p><strong>Alassio. &#8220;Un po&#8217; di gogna pubblica&#8221;. E&#8217; la &#8220;vendetta&#8221; scelta da Franco Polli, titolare dell&#8217;omonima pelletteria di Alassio,<\/strong> contro le due donne che, secondo il racconto dell&#8217;uomo, lo hanno derubato.<\/p>\n<p><strong>Il danno di per s\u00e9 \u00e8 minimo: le due donne infatti avrebbero sottratto soltanto due cappellini di poco valore.<\/strong> Ma a fare rabbia \u00e8 il gesto in s\u00e9: e cos\u00ec Polli ha pubblicato <strong>sulla propria pagina Facebook<\/strong> le immagini delle videocamere di sorveglianza, che immortalano le ladre mentre fanno &#8220;acquisti&#8221;. <\/p>\n<p><strong>\u00a0&#8220;Siete delle poveracce &#8211; si sfoga Polli &#8211; che non sanno neanche capire che &#8216;Area videosorvegliata&#8217; non vuol dire che passano quelli di MTV<\/strong> a fare animazione. Buona vita &#8211; conclude &#8211; ne avete bisogno, specie la bimba che portate appresso&#8221;.<\/p>\n","protected":false},"excerpt":{"rendered":"<p>Alassio. &#8220;Un po&#8217; di gogna pubblica&#8221;. E&#8217; la &#8220;vendetta&#8221; scelta da Franco Polli, titolare dell&#8217;omonima pelletteria di Alassio, contro le due donne che, secondo il racconto dell&#8217;uomo, lo hanno derubato. Il danno di per s\u00e9 \u00e8 minimo: le due donne infatti avrebbero sottratto soltanto due cappellini di poco valore. Ma a fare rabbia \u00e8 il [&hellip;]<\/p>\n","protected":false},"author":10593,"featured_media":0,"comment_status":"open","ping_status":"closed","sticky":false,"template":"","format":"standard","meta":{"footnotes":""},"categories":[45296,34],"tags":[1365,1034],"class_list":["post-299756","post","type-post","status-publish","format-standard","hentry","category-copertina","category-cronaca","tag-facebook","tag-furto","post_cat_citta-alassio","post_tag_personaggi-franco-polli"],"amp_validity":null,"amp_enabled":true,"_links":{"self":[{"href":"https:\/\/staging.ivg.it\/ediapi\/wp\/v2\/posts\/299756","targetHints":{"allow":["GET"]}}],"collection":[{"href":"https:\/\/staging.ivg.it\/ediapi\/wp\/v2\/posts"}],"about":[{"href":"https:\/\/staging.ivg.it\/ediapi\/wp\/v2\/types\/post"}],"author":[{"embeddable":true,"href":"https:\/\/staging.ivg.it\/ediapi\/wp\/v2\/users\/10593"}],"replies":[{"embeddable":true,"href":"https:\/\/staging.ivg.it\/ediapi\/wp\/v2\/comments?post=299756"}],"version-history":[{"count":0,"href":"https:\/\/staging.ivg.it\/ediapi\/wp\/v2\/posts\/299756\/revisions"}],"wp:attachment":[{"href":"https:\/\/staging.ivg.it\/ediapi\/wp\/v2\/media?parent=299756"}],"wp:term":[{"taxonomy":"category","embeddable":true,"href":"https:\/\/staging.ivg.it\/ediapi\/wp\/v2\/categories?post=299756"},{"taxonomy":"post_tag","embeddable":true,"href":"https:\/\/staging.ivg.it\/ediapi\/wp\/v2\/tags?post=299756"}],"curies":[{"name":"wp","href":"https:\/\/api.w.org\/{rel}","templated":true}]}}