{"id":299421,"date":"2015-08-11T15:48:38","date_gmt":"2015-08-11T13:48:38","guid":{"rendered":"http:\/\/www.ivg.it\/?p=299421"},"modified":"2015-08-11T15:48:38","modified_gmt":"2015-08-11T13:48:38","slug":"balneari-riccardo-borgo-col-sole-sara-un-ferragosto-da-incorniciare","status":"publish","type":"post","link":"https:\/\/staging.ivg.it\/2015\/08\/balneari-riccardo-borgo-col-sole-sara-un-ferragosto-da-incorniciare\/","title":{"rendered":"Balneari, Riccardo Borgo: &#8220;Col sole sar\u00e0 un Ferragosto da incorniciare&#8221;"},"content":{"rendered":"<p><strong>Bergeggi.<\/strong> &#8220;Se il tempo ci dar\u00e0 una mano come sembra ci aspettiamo un Ferragosto da favola&#8221;. E&#8217; la previsione di Riccardo Borgo, presidente del Sib, il Sindacato Italiano dei Balneari a sua volta titolare di uno stabilimento a Bergeggi, nel Savonese.<\/p>\n<p>La pioggia e il maltempo che sta interessando il centro Italia non preoccupa invece i balneari della provincia di Savona che continuano a ricevere telefonate.<\/p>\n<p>&#8220;Abbiamo ricevuto tante richieste gi\u00e0 a luglio, ma altre sono arrivate anche in questi giorni. E&#8217; una stagione decisamente migliore rispetto alle altre quando c&#8217;erano stati tantissimi weekend di pioggia. Quest&#8217;anno invece &#8211; dice Borgo &#8211; il tempo \u00e8 dalla nostra parte e speriamo sia cos\u00ec anche durante il prossimo fine settimana. La cosa pi\u00f9 gradita \u00e8 sicuramente il ritorno degli stranieri. Da tanti anni non si vedevano bagnanti dal centro e nord Europa. La crisi greca e la situazione calda del Nord Africa, indubbiamente, ci ha agevolato&#8221;.<\/p>\n","protected":false},"excerpt":{"rendered":"<p>Bergeggi. &#8220;Se il tempo ci dar\u00e0 una mano come sembra ci aspettiamo un Ferragosto da favola&#8221;. E&#8217; la previsione di Riccardo Borgo, presidente del Sib, il Sindacato Italiano dei Balneari a sua volta titolare di uno stabilimento a Bergeggi, nel Savonese. La pioggia e il maltempo che sta interessando il centro Italia non preoccupa invece [&hellip;]<\/p>\n","protected":false},"author":12291,"featured_media":0,"comment_status":"open","ping_status":"closed","sticky":false,"template":"","format":"standard","meta":{"footnotes":""},"categories":[45296,56],"tags":[1920,24802],"class_list":["post-299421","post","type-post","status-publish","format-standard","hentry","category-copertina","category-altre","tag-ferragosto","tag-sindacato-italiano-balneari","post_cat_citta-bergeggi","post_tag_personaggi-riccardo-borgo"],"amp_validity":null,"amp_enabled":true,"_links":{"self":[{"href":"https:\/\/staging.ivg.it\/ediapi\/wp\/v2\/posts\/299421","targetHints":{"allow":["GET"]}}],"collection":[{"href":"https:\/\/staging.ivg.it\/ediapi\/wp\/v2\/posts"}],"about":[{"href":"https:\/\/staging.ivg.it\/ediapi\/wp\/v2\/types\/post"}],"author":[{"embeddable":true,"href":"https:\/\/staging.ivg.it\/ediapi\/wp\/v2\/users\/12291"}],"replies":[{"embeddable":true,"href":"https:\/\/staging.ivg.it\/ediapi\/wp\/v2\/comments?post=299421"}],"version-history":[{"count":0,"href":"https:\/\/staging.ivg.it\/ediapi\/wp\/v2\/posts\/299421\/revisions"}],"wp:attachment":[{"href":"https:\/\/staging.ivg.it\/ediapi\/wp\/v2\/media?parent=299421"}],"wp:term":[{"taxonomy":"category","embeddable":true,"href":"https:\/\/staging.ivg.it\/ediapi\/wp\/v2\/categories?post=299421"},{"taxonomy":"post_tag","embeddable":true,"href":"https:\/\/staging.ivg.it\/ediapi\/wp\/v2\/tags?post=299421"}],"curies":[{"name":"wp","href":"https:\/\/api.w.org\/{rel}","templated":true}]}}