{"id":298973,"date":"2015-08-05T13:57:48","date_gmt":"2015-08-05T11:57:48","guid":{"rendered":"http:\/\/www.ivg.it\/?p=298973"},"modified":"2015-08-05T13:57:48","modified_gmt":"2015-08-05T11:57:48","slug":"albissola-domani-lassegnazione-del-premio-pozzo-garitta","status":"publish","type":"post","link":"https:\/\/staging.ivg.it\/2015\/08\/albissola-domani-lassegnazione-del-premio-pozzo-garitta\/","title":{"rendered":"Albissola, domani l&#8217;assegnazione del Premio Pozzo Garitta"},"content":{"rendered":"<p><strong>Albissola Marina<\/strong>. La decima edizione del Premio Pozzo Garitta 2015, prestigioso riconoscimento creato dal Comitato di Rigore Artistico si terr\u00e0 domani, gioved\u00ec 6 agosto, alle ore 19.<\/p>\n<p>La cerimonia di assegnazione del premio si terr\u00e0 nell&#8217;antica piazzetta di Pozzo Garitta in Albissola Marina.<\/p>\n<p>Quest&#8217;anno il premio sar\u00e0 consegnato a Silvia Celeste Calcagno e Simona Poggi.<\/p>\n<p>Parallelamente, nella sede del Comitato di Rigore Artistico, sempre in Pozzo Garitta 11, si terr\u00e0 la mostra di tutti gli artisti premiati nelle dieci edizioni del premio: Sergio Dangelo, Adriano Leverone, Giorgio Moiso, Giovanni Celano Giannici, Carlos Car\u00e9, Sandro Lorenzini, Claudio Carrieri, Alfredo Sosabravo, Giampaolo Parini, Silvia Calcagno.<\/p>\n","protected":false},"excerpt":{"rendered":"<p>Albissola Marina. La decima edizione del Premio Pozzo Garitta 2015, prestigioso riconoscimento creato dal Comitato di Rigore Artistico si terr\u00e0 domani, gioved\u00ec 6 agosto, alle ore 19. La cerimonia di assegnazione del premio si terr\u00e0 nell&#8217;antica piazzetta di Pozzo Garitta in Albissola Marina. Quest&#8217;anno il premio sar\u00e0 consegnato a Silvia Celeste Calcagno e Simona Poggi. [&hellip;]<\/p>\n","protected":false},"author":18,"featured_media":0,"comment_status":"open","ping_status":"closed","sticky":false,"template":"","format":"standard","meta":{"footnotes":""},"categories":[56],"tags":[73762],"class_list":["post-298973","post","type-post","status-publish","format-standard","hentry","category-altre","tag-premio-pozzo-garitta","post_cat_citta-albissola-marina","post_tag_personaggi-silvia-celeste-calcagno","post_tag_personaggi-simona-poggi"],"amp_validity":null,"amp_enabled":true,"_links":{"self":[{"href":"https:\/\/staging.ivg.it\/ediapi\/wp\/v2\/posts\/298973","targetHints":{"allow":["GET"]}}],"collection":[{"href":"https:\/\/staging.ivg.it\/ediapi\/wp\/v2\/posts"}],"about":[{"href":"https:\/\/staging.ivg.it\/ediapi\/wp\/v2\/types\/post"}],"author":[{"embeddable":true,"href":"https:\/\/staging.ivg.it\/ediapi\/wp\/v2\/users\/18"}],"replies":[{"embeddable":true,"href":"https:\/\/staging.ivg.it\/ediapi\/wp\/v2\/comments?post=298973"}],"version-history":[{"count":0,"href":"https:\/\/staging.ivg.it\/ediapi\/wp\/v2\/posts\/298973\/revisions"}],"wp:attachment":[{"href":"https:\/\/staging.ivg.it\/ediapi\/wp\/v2\/media?parent=298973"}],"wp:term":[{"taxonomy":"category","embeddable":true,"href":"https:\/\/staging.ivg.it\/ediapi\/wp\/v2\/categories?post=298973"},{"taxonomy":"post_tag","embeddable":true,"href":"https:\/\/staging.ivg.it\/ediapi\/wp\/v2\/tags?post=298973"}],"curies":[{"name":"wp","href":"https:\/\/api.w.org\/{rel}","templated":true}]}}