{"id":298203,"date":"2015-07-27T15:14:30","date_gmt":"2015-07-27T13:14:30","guid":{"rendered":"http:\/\/www.ivg.it\/?p=298203"},"modified":"2015-07-27T15:14:30","modified_gmt":"2015-07-27T13:14:30","slug":"beneficenza-contro-il-neuroblastoma-ecco-le-regate-del-palio","status":"publish","type":"post","link":"https:\/\/staging.ivg.it\/2015\/07\/beneficenza-contro-il-neuroblastoma-ecco-le-regate-del-palio\/","title":{"rendered":"Beneficenza contro il neuroblastoma, ecco le regate del Palio"},"content":{"rendered":"<p>Uno sport in Italia ancora poco conosciuto, una regata non troppo competitiva e una bella occasione di solidariet\u00e0. Appuntamento da non perdere sulla costa ligure dal <strong>1 al 16 agosto<\/strong>\u00a0per assistere al <strong>Palio della Liguria &#8211; Estate 2015<\/strong>, che coinvolger\u00e0 tutti i Comuni della Riviera di Ponente. Il canottaggio turistico costiero \u00e8 un nuovo modo di pensare al canottaggio, non pi\u00f9 solo fiumi o laghi, ma costa, spiagge e mare aperto: il <strong>coastal rowing<\/strong> \u00e8 alla portata di tutti, \u00e8 sicuro e consente di fare sport all&#8217;aria aperta, invece che in palestra. Con questo spirito <strong>Rowactivity<\/strong> ha organizzato il <a href=\"http:\/\/www.ivg.it\/2015\/07\/palio-della-liguria-festa-e-competizione-del-canottaggio-ligure\/\" target=\"_blank\"><strong>Palio della Liguria<\/strong><\/a> che, oltre a essere una competizione sportiva interessante e divertente, sar\u00e0 anche l\u2019occasione per sostenere l\u2019<strong>Associazione Italiana per la Lotta al Neuroblastoma O.N.L.U.S<\/strong>. e aiutare i <strong>piccoli malati di neuroblastoma o di tumore cerebrale, <\/strong>patologie molto aggressive, che sono le prime cause di morte per malattia in et\u00e0 prescolare.<\/p>\n<p>L\u2019Associazione sar\u00e0 presente con i propri volontari nei porti di partenza della regata a tappe da Bordighera a Varazze, per informare e sensibilizzare. Gli appuntamenti di <strong>Bordighera <\/strong>del <strong>1 agosto<\/strong>, con gli equipaggi Monegaschi e Francesi e la regata di<strong> Alassio<\/strong> del<strong> 6 agosto<\/strong>, con il Palio delle citt\u00e0 e la presenza di atleti di Torino, Milano, Firenze, Roma e Bari costituiscono gli eventi di punta del Palio della Liguria. Aperta quest\u2019anno anche all\u2019Europa, la regata costeggia tutto il ponente ligure e con le sue numerose tappe offre l\u2019opportunit\u00e0 di far riscoprire le spiagge liguri e di vedere la costa da un altro punto di vista. I fondi raccolti, con il libero contributo, saranno devoluti ai progetti di ricerca finanziati dalla <strong>Fondazione Italiana per la Lotta al Neuroblastoma O.N.L.U.S<\/strong>, che ha sede all\u2019 Istituto G. Gaslini di Genova ed \u00e8 attiva a livello nazionale. Nata nel 1993 per volont\u00e0 di genitori di bambini ammalati e di oncologi che li avevano in cura, l\u2019Associazione sostiene la ricerca scientifica, unica reale speranza di vita per i piccoli ammalati. In questi anni di attivit\u00e0 ha finanziato per oltre 20 milioni di euro i pi\u00f9 avanzati progetti di ricerca per individuare nuove cure efficaci contro queste malattie. Oggi la ricerca garantisce a tutti i bambini italiani una corretta diagnosi e un approccio terapeutico sempre pi\u00f9 personalizzato. (<strong><a href=\"http:\/\/www.neuroblastoma.org\">www.neuroblastoma.org<\/a><\/strong>).<\/p>\n<p><strong>Ecco le tappe della regata<\/strong><\/p>\n<p>sabato 1\/08 <strong>Bordighera<\/strong> \u2013 Stand Associazione al Porto Turistico dalle 16<br \/>\ndomenica 2\/8 Bordighera<br \/>\nluned\u00ec 3\/08 <strong>Santo Stefano al Mare<\/strong> &#8211; Stand Associazione al Porto Turistico Marina Aregai dalle 16<br \/>\nmercoled\u00ec 5\/08 <strong>Diano Marina<\/strong><br \/>\ngioved\u00ec 6\/08 <strong>Alassio <\/strong>&#8211; Stand Associazione alla Base del Molo di ALASSIO dalle 16<br \/>\nvenerd\u00ec 7\/08 <strong>Alassio<\/strong> &#8211; Stand Associazione alla Base del Molo di ALASSIO dalle 16<br \/>\nsabato08\/08 <strong>Finale Ligure<\/strong> &#8211; Stand Associazione al Porto Turistico Capo San Donato dalle 16<br \/>\ndomenica 9\/08 <strong>Noli<\/strong><br \/>\nvenerd\u00ec 14\/08 <strong>Varazze<\/strong> &#8211; Stand Associazione al Porto Turistico dalle 16<br \/>\nsabato15\/08 <strong>Varazze<\/strong> &#8211; Stand Associazione al Porto Turistico dalle 16<br \/>\ndomenica16\/08 <strong>Varazze &#8211;<\/strong> Stand Associazione al Porto Turistico dalle 16<\/p>\n","protected":false},"excerpt":{"rendered":"<p>Uno sport in Italia ancora poco conosciuto, una regata non troppo competitiva e una bella occasione di solidariet\u00e0. Appuntamento da non perdere sulla costa ligure dal 1 al 16 agosto\u00a0per assistere al Palio della Liguria &#8211; Estate 2015, che coinvolger\u00e0 tutti i Comuni della Riviera di Ponente. Il canottaggio turistico costiero \u00e8 un nuovo modo [&hellip;]<\/p>\n","protected":false},"author":12631,"featured_media":0,"comment_status":"open","ping_status":"closed","sticky":false,"template":"","format":"standard","meta":{"footnotes":""},"categories":[42377,32],"tags":[1031,66156,1033,6400,66155,7998],"class_list":["post-298203","post","type-post","status-publish","format-standard","hentry","category-altri-sport","category-sport","tag-beneficenza","tag-coastal-rowing","tag-neuroblastoma","tag-onlus","tag-palio-della-liguria","tag-regata","post_cat_citta-alassio","post_cat_citta-finale-ligure","post_cat_citta-noli","post_cat_citta-varazze"],"amp_validity":null,"amp_enabled":true,"_links":{"self":[{"href":"https:\/\/staging.ivg.it\/ediapi\/wp\/v2\/posts\/298203","targetHints":{"allow":["GET"]}}],"collection":[{"href":"https:\/\/staging.ivg.it\/ediapi\/wp\/v2\/posts"}],"about":[{"href":"https:\/\/staging.ivg.it\/ediapi\/wp\/v2\/types\/post"}],"author":[{"embeddable":true,"href":"https:\/\/staging.ivg.it\/ediapi\/wp\/v2\/users\/12631"}],"replies":[{"embeddable":true,"href":"https:\/\/staging.ivg.it\/ediapi\/wp\/v2\/comments?post=298203"}],"version-history":[{"count":0,"href":"https:\/\/staging.ivg.it\/ediapi\/wp\/v2\/posts\/298203\/revisions"}],"wp:attachment":[{"href":"https:\/\/staging.ivg.it\/ediapi\/wp\/v2\/media?parent=298203"}],"wp:term":[{"taxonomy":"category","embeddable":true,"href":"https:\/\/staging.ivg.it\/ediapi\/wp\/v2\/categories?post=298203"},{"taxonomy":"post_tag","embeddable":true,"href":"https:\/\/staging.ivg.it\/ediapi\/wp\/v2\/tags?post=298203"}],"curies":[{"name":"wp","href":"https:\/\/api.w.org\/{rel}","templated":true}]}}