{"id":298028,"date":"2015-07-24T13:01:17","date_gmt":"2015-07-24T11:01:17","guid":{"rendered":"http:\/\/www.ivg.it\/?p=298028"},"modified":"2015-07-24T13:36:21","modified_gmt":"2015-07-24T11:36:21","slug":"stop-alla-pesca-sportiva-del-tonno-rosso","status":"publish","type":"post","link":"https:\/\/staging.ivg.it\/2015\/07\/stop-alla-pesca-sportiva-del-tonno-rosso\/","title":{"rendered":"Stop alla pesca sportiva del tonno rosso"},"content":{"rendered":"<p><strong>Savona.<\/strong> Il Ministero delle Politiche Agricole Alimentari e Forestali, con decreto direttoriale n.14637 in data 23\/07\/2015 ha disposto a partire dalle ore 8.00 di oggi, venerd\u00ec 24 luglio, la chiusura immediata e definitiva della campagna di pesca sportiva\/ricreativa del tonno rosso.<\/p>\n<p>Il provvedimento \u00e8 stato disposto per il raggiungimento delle quote assegnate all&#8217;Italia dalla Comunit\u00e0 Europea. Lo ricorda la Capitaneria di Porto savonese, che eseguir\u00e0 controlli specifici per il rispetto della norma sulla pesce del tonno rosso.<\/p>\n<p>Le imbarcazioni autorizzate potranno proseguire l\u2019attivit\u00e0 fino al 31 dicembre di quest&#8217;anno, solo ed esclusivamente, mediante la tecnica del \u201ccatch \u2013release\u201d.<\/p>\n","protected":false},"excerpt":{"rendered":"<p>Savona. Il Ministero delle Politiche Agricole Alimentari e Forestali, con decreto direttoriale n.14637 in data 23\/07\/2015 ha disposto a partire dalle ore 8.00 di oggi, venerd\u00ec 24 luglio, la chiusura immediata e definitiva della campagna di pesca sportiva\/ricreativa del tonno rosso. Il provvedimento \u00e8 stato disposto per il raggiungimento delle quote assegnate all&#8217;Italia dalla Comunit\u00e0 [&hellip;]<\/p>\n","protected":false},"author":4,"featured_media":0,"comment_status":"open","ping_status":"closed","sticky":false,"template":"","format":"standard","meta":{"footnotes":""},"categories":[34],"tags":[8223,510,23611],"class_list":["post-298028","post","type-post","status-publish","format-standard","hentry","category-cronaca","tag-capitaneria-di-porto","tag-pesca","tag-tonno-rosso","post_cat_citta-savona"],"amp_validity":null,"amp_enabled":true,"_links":{"self":[{"href":"https:\/\/staging.ivg.it\/ediapi\/wp\/v2\/posts\/298028","targetHints":{"allow":["GET"]}}],"collection":[{"href":"https:\/\/staging.ivg.it\/ediapi\/wp\/v2\/posts"}],"about":[{"href":"https:\/\/staging.ivg.it\/ediapi\/wp\/v2\/types\/post"}],"author":[{"embeddable":true,"href":"https:\/\/staging.ivg.it\/ediapi\/wp\/v2\/users\/4"}],"replies":[{"embeddable":true,"href":"https:\/\/staging.ivg.it\/ediapi\/wp\/v2\/comments?post=298028"}],"version-history":[{"count":0,"href":"https:\/\/staging.ivg.it\/ediapi\/wp\/v2\/posts\/298028\/revisions"}],"wp:attachment":[{"href":"https:\/\/staging.ivg.it\/ediapi\/wp\/v2\/media?parent=298028"}],"wp:term":[{"taxonomy":"category","embeddable":true,"href":"https:\/\/staging.ivg.it\/ediapi\/wp\/v2\/categories?post=298028"},{"taxonomy":"post_tag","embeddable":true,"href":"https:\/\/staging.ivg.it\/ediapi\/wp\/v2\/tags?post=298028"}],"curies":[{"name":"wp","href":"https:\/\/api.w.org\/{rel}","templated":true}]}}