{"id":297312,"date":"2015-07-15T20:15:52","date_gmt":"2015-07-15T18:15:52","guid":{"rendered":"http:\/\/www.ivg.it\/?p=297312"},"modified":"2015-07-15T20:15:52","modified_gmt":"2015-07-15T18:15:52","slug":"strappano-catenina-doro-in-una-discoteca-processati-per-direttissima","status":"publish","type":"post","link":"https:\/\/staging.ivg.it\/2015\/07\/strappano-catenina-doro-in-una-discoteca-processati-per-direttissima\/","title":{"rendered":"Strappano catenina d&#8217;oro in una discoteca: processati per direttissima"},"content":{"rendered":"<p><strong>Ponente.<\/strong> Sono stati processati per direttissima questa mattina in tribunale i due giovani, J.R.G., 24 anni ecuadoregno, e C.M.G., 19 anni, italiano residente a Genova, arrestati l&#8217;altra sera con l&#8217;accusa di rapina. Per loro l&#8217;arresto \u00e8 stato convalidato e il giudice ha confermato la misura cautelare per lo straniero, mentre ha rimesso in libert\u00e0 l&#8217;italiano. Il processo, vista la richiesta di termini a difesa, \u00e8 stato rinviato alla prossima settimana. <\/p>\n<p>I due sono stati protagonisti di una rapina avvenuta alle &#8220;Rocce di Pinamare&#8221; dove, secondo la ricostruzione degli investigatori, l\u2019ecuadoregno ha strappato una catenina d\u2019oro ad un ragazzo di 17 anni che stava ballando. Il minorenne si \u00e8 accorto che qualcuno gli aveva strappato la catenina e ha visto il 24enne passare la refurtiva al complice 19enne. Quest&#8217;ultimo \u00e8 stato invitato a restituire la catenina, ma ha risposto al 17enne con un pugno sul volto.<\/p>\n<p>La vittima della rapina si \u00e8 subito recato all\u2019uscita del locale informando la sicurezza e quando i due stavano per uscire sono stati fermati dagli agenti del commissariato di Alassio intervenuti sul posto. La catenina non \u00e8 stata ritrovata, quindi assieme ai due era presente anche un terzo complice, che \u00e8 probabilmente uscito dal locale e andato poi via con la sua auto: sono in corso indagini e accertamenti da parte dei poliziotti per identificare questa terza persona. <\/p>\n<p>L\u2019episodio \u00e8 solo l\u2019ultimo di una serie avvenuta negli ultimi tempi con gang specializzate nel furto di catenine d\u2019oro nei luoghi affollati come feste o discoteche. J.R.G., 24 anni ecuadoregno e C.M.G., 19 anni, saranno processati domani mattina per direttissima presso il Tribunale di Savona.<\/p>\n","protected":false},"excerpt":{"rendered":"<p>Ponente. Sono stati processati per direttissima questa mattina in tribunale i due giovani, J.R.G., 24 anni ecuadoregno, e C.M.G., 19 anni, italiano residente a Genova, arrestati l&#8217;altra sera con l&#8217;accusa di rapina. Per loro l&#8217;arresto \u00e8 stato convalidato e il giudice ha confermato la misura cautelare per lo straniero, mentre ha rimesso in libert\u00e0 l&#8217;italiano. [&hellip;]<\/p>\n","protected":false},"author":2394,"featured_media":0,"comment_status":"open","ping_status":"closed","sticky":false,"template":"","format":"standard","meta":{"footnotes":""},"categories":[34],"tags":[19794,1065],"class_list":["post-297312","post","type-post","status-publish","format-standard","hentry","category-cronaca","tag-processo-per-direttissima","tag-rapina","post_cat_citta-andora","post_cat_citta-provincia"],"amp_validity":null,"amp_enabled":true,"_links":{"self":[{"href":"https:\/\/staging.ivg.it\/ediapi\/wp\/v2\/posts\/297312","targetHints":{"allow":["GET"]}}],"collection":[{"href":"https:\/\/staging.ivg.it\/ediapi\/wp\/v2\/posts"}],"about":[{"href":"https:\/\/staging.ivg.it\/ediapi\/wp\/v2\/types\/post"}],"author":[{"embeddable":true,"href":"https:\/\/staging.ivg.it\/ediapi\/wp\/v2\/users\/2394"}],"replies":[{"embeddable":true,"href":"https:\/\/staging.ivg.it\/ediapi\/wp\/v2\/comments?post=297312"}],"version-history":[{"count":0,"href":"https:\/\/staging.ivg.it\/ediapi\/wp\/v2\/posts\/297312\/revisions"}],"wp:attachment":[{"href":"https:\/\/staging.ivg.it\/ediapi\/wp\/v2\/media?parent=297312"}],"wp:term":[{"taxonomy":"category","embeddable":true,"href":"https:\/\/staging.ivg.it\/ediapi\/wp\/v2\/categories?post=297312"},{"taxonomy":"post_tag","embeddable":true,"href":"https:\/\/staging.ivg.it\/ediapi\/wp\/v2\/tags?post=297312"}],"curies":[{"name":"wp","href":"https:\/\/api.w.org\/{rel}","templated":true}]}}