{"id":297182,"date":"2015-07-14T15:09:27","date_gmt":"2015-07-14T13:09:27","guid":{"rendered":"http:\/\/www.ivg.it\/?p=297182"},"modified":"2015-07-14T17:28:37","modified_gmt":"2015-07-14T15:28:37","slug":"finale-fermato-con-un-etto-di-droga-patteggia-2-anni","status":"publish","type":"post","link":"https:\/\/staging.ivg.it\/2015\/07\/finale-fermato-con-un-etto-di-droga-patteggia-2-anni\/","title":{"rendered":"Finale, fermato con un etto di droga: patteggia 2 anni"},"content":{"rendered":"<p><strong>Finale Ligure.<\/strong> Ad inizio luglio era finito in manette nell&#8217;ambito di un&#8217;operazione antidroga condotta dalla Guardia di Finale di Finale Ligure. Questa mattina un marocchino di 32 anni, O.R., per quella vicenda, ha scelto di patteggiare due anni di reclusione.<\/p>\n<p>Secondo le contestazioni delle fiamme gialle, l\u2019uomo, in sella al suo scooter, ogni giorno, da Albenga si spostava a Finale Ligure per spacciare hashish, eroina e cocaina, consegnando ai clienti diverse dosi di sostanza stupefacente.<\/p>\n<p>Gli uomini della Tenenza di Finale Ligure, dopo aver eseguito accurati appostamenti e pedinamenti, avevano quindi deciso di intervenire e di conseguenza nei confronti di O.R. era scattato un controllo durante il quale era stato trovato in possesso di circa dieci grammi di droga e di un coltello.<\/p>\n<p>Altra sostanza stupefacente era stata trovata durante la perquisizione domiciliare disposta dal pm Chiara Venturi: palline di eroina e cocaina gi\u00e0 confezionate, pronte per essere vendute, nonch\u00e9 una considerevole quantit\u00e0 di sostanza da \u201ctaglio\u201d. In tutto un etto di droga posta sotto sequestro da parte dei finanzieri.<\/p>\n<p>Il trentaduenne era cos\u00ec finito a giudizio per direttissima e, nell&#8217;udienza precedente, il giudice aveva convalidato l\u2019arresto e disposto la misura della custodia cautelare in carcere. Questa mattina l&#8217;epilogo del processo con il patteggiamento (l&#8217;accordo \u00e8 stato definito dal difensore dell&#8217;uomo Francesca Aschero dopo che il giudice ha derubricato il reato contestato all&#8217;imputato applicando il &#8220;quinto comma&#8221;).<\/p>\n","protected":false},"excerpt":{"rendered":"<p>Finale Ligure. Ad inizio luglio era finito in manette nell&#8217;ambito di un&#8217;operazione antidroga condotta dalla Guardia di Finale di Finale Ligure. Questa mattina un marocchino di 32 anni, O.R., per quella vicenda, ha scelto di patteggiare due anni di reclusione. Secondo le contestazioni delle fiamme gialle, l\u2019uomo, in sella al suo scooter, ogni giorno, da [&hellip;]<\/p>\n","protected":false},"author":2394,"featured_media":0,"comment_status":"open","ping_status":"closed","sticky":false,"template":"","format":"standard","meta":{"footnotes":""},"categories":[45296,34],"tags":[1045,662,1318,1536,749,649],"class_list":["post-297182","post","type-post","status-publish","format-standard","hentry","category-copertina","category-cronaca","tag-cocaina","tag-droga","tag-eroina","tag-fiamme-gialle","tag-guardia-di-finanza","tag-hashish","post_cat_citta-finale-ligure"],"amp_validity":null,"amp_enabled":true,"_links":{"self":[{"href":"https:\/\/staging.ivg.it\/ediapi\/wp\/v2\/posts\/297182","targetHints":{"allow":["GET"]}}],"collection":[{"href":"https:\/\/staging.ivg.it\/ediapi\/wp\/v2\/posts"}],"about":[{"href":"https:\/\/staging.ivg.it\/ediapi\/wp\/v2\/types\/post"}],"author":[{"embeddable":true,"href":"https:\/\/staging.ivg.it\/ediapi\/wp\/v2\/users\/2394"}],"replies":[{"embeddable":true,"href":"https:\/\/staging.ivg.it\/ediapi\/wp\/v2\/comments?post=297182"}],"version-history":[{"count":0,"href":"https:\/\/staging.ivg.it\/ediapi\/wp\/v2\/posts\/297182\/revisions"}],"wp:attachment":[{"href":"https:\/\/staging.ivg.it\/ediapi\/wp\/v2\/media?parent=297182"}],"wp:term":[{"taxonomy":"category","embeddable":true,"href":"https:\/\/staging.ivg.it\/ediapi\/wp\/v2\/categories?post=297182"},{"taxonomy":"post_tag","embeddable":true,"href":"https:\/\/staging.ivg.it\/ediapi\/wp\/v2\/tags?post=297182"}],"curies":[{"name":"wp","href":"https:\/\/api.w.org\/{rel}","templated":true}]}}