{"id":296537,"date":"2015-07-07T10:04:41","date_gmt":"2015-07-07T08:04:41","guid":{"rendered":"http:\/\/www.ivg.it\/?p=296537"},"modified":"2015-07-07T10:31:16","modified_gmt":"2015-07-07T08:31:16","slug":"albenga-premiati-in-comune-gli-atleti-del-volley-e-di-adso-e-francesco-principato-va-alle-olimpiadi","status":"publish","type":"post","link":"https:\/\/staging.ivg.it\/2015\/07\/albenga-premiati-in-comune-gli-atleti-del-volley-e-di-adso-e-francesco-principato-va-alle-olimpiadi\/","title":{"rendered":"Albenga, premiati in comune gli atleti del Volley e di Adso. E Francesco Principato va alle olimpiadi"},"content":{"rendered":"<p><strong>Albenga<\/strong>. Ieri pomeriggio presso la Sala degli Stucchi del municipio di Albenga tornata di premiazioni e di grandi emozioni per le atlete dell\u2019Albenga Volley e i giovani sportivi di Adso. Il sindaco Giorgio Cangiano e il vice sindaco Riccardo Tomatis insieme agli assessori Paola Allaria, Alessandro Andreis, Simona Vespo hanno consegnato<strong> medaglie e una targa ricordo ai giovani atleti e tutti insieme hanno festeggiato non solo una grande vittoria sportiva, ma anche una notizia appena giunta<\/strong>.<\/p>\n<p>Dopo aver vinto i nazionali delle Special Olympics 2014, la squadra dell&#8217;Adso Albenga si riconferma ai &#8220;Play the Games&#8221; del 2015 vincendo la medaglia d&#8217;oro. Inoltre<strong> l\u2019atleta atleta Francesco Principato \u00e8 stato convocato e parteciper\u00e0 ai giochi mondiali estivi di Los Angeles 2015<\/strong> per rappresentare l\u2019Italia con la nazionale di volley insieme ad altri 7 mila\u00a0atleti provenienti da tutto il mondo.<\/p>\n<p>Parole di elogio e grandi emozioni dell\u2019amministrazione espresse da Cangiano e da Tomatis che hanno consegnato il gagliardetto del comune di Albenga nelle mani di Francesco che lo porter\u00e0 a Los Angeles: &#8220;Siate sempre un bell&#8217;esempio per le atlete pi\u00f9 piccole e continuate ad allenarvi con impegno e determinazione per crescere e migliorare sempre, perch\u00e9 da ora voi avete una responsabilit\u00e0 in pi\u00f9 perch\u00e9 rappresentate un modello&#8221; .<\/p>\n<p><strong>Una premiazione anche per le &#8220;ragazzine terribili&#8221; dell&#8217;under 12 &#8220;Ca&#8217; du ghilla Albenga Volley&#8221;<\/strong> che a nome di tutta l&#8217; amministrazione hanno ricevuto una targa celebrativa della vittoria ai campionati nazionali Csi<\/p>\n<p>Per l&#8217;Albenga Volley c&#8217;erano gli allenatori Luca Nidasio e Viola Molinari e le atlete Sara Casellato, Ludovica Collu, Selene Episcopo, Federica Ferrua, Sara Haufe, Giulia Insero, Sofia Melito, Maddalena Nervo, Chiara Oddone, Agnese Pareto, Francesca Pizzo, Sofia Portomauro, Agnese Privitera, Alessia Sufali, Anna Trosso.<\/p>\n<p>Adso Albenga era ai &#8220;Play the Games&#8221; di La Spezia con gli atleti Mauro Garofalo (capitano), Leonardo Tubino, Francesco Principato, Letizia Volpe, Serena Pastorino. Partners: Davide Castello, Anna Comitangelo, Annalisa Principato. Allenatrici: Michela Piattello e Valentina Gallizia.<\/p>\n","protected":false},"excerpt":{"rendered":"<p>Francesco Principato \u00e8 stato convocato e parteciper\u00e0 ai giochi mondiali estivi di Los Angeles 2015<\/p>\n","protected":false},"author":12120,"featured_media":0,"comment_status":"open","ping_status":"closed","sticky":false,"template":"","format":"standard","meta":{"footnotes":""},"categories":[45296,56,32],"tags":[25565,3999],"class_list":["post-296537","post","type-post","status-publish","format-standard","hentry","category-copertina","category-altre","category-sport","tag-adso","tag-albenga-volley","post_cat_citta-albenga","post_tag_personaggi-alessandro-andreis-2","post_tag_personaggi-francesco-principato","post_tag_personaggi-giorgio-cangiano-2","post_tag_personaggi-paola-allaria","post_tag_personaggi-riccardo-tomatis-2","post_tag_personaggi-simona-vespo"],"amp_validity":null,"amp_enabled":true,"_links":{"self":[{"href":"https:\/\/staging.ivg.it\/ediapi\/wp\/v2\/posts\/296537","targetHints":{"allow":["GET"]}}],"collection":[{"href":"https:\/\/staging.ivg.it\/ediapi\/wp\/v2\/posts"}],"about":[{"href":"https:\/\/staging.ivg.it\/ediapi\/wp\/v2\/types\/post"}],"author":[{"embeddable":true,"href":"https:\/\/staging.ivg.it\/ediapi\/wp\/v2\/users\/12120"}],"replies":[{"embeddable":true,"href":"https:\/\/staging.ivg.it\/ediapi\/wp\/v2\/comments?post=296537"}],"version-history":[{"count":0,"href":"https:\/\/staging.ivg.it\/ediapi\/wp\/v2\/posts\/296537\/revisions"}],"wp:attachment":[{"href":"https:\/\/staging.ivg.it\/ediapi\/wp\/v2\/media?parent=296537"}],"wp:term":[{"taxonomy":"category","embeddable":true,"href":"https:\/\/staging.ivg.it\/ediapi\/wp\/v2\/categories?post=296537"},{"taxonomy":"post_tag","embeddable":true,"href":"https:\/\/staging.ivg.it\/ediapi\/wp\/v2\/tags?post=296537"}],"curies":[{"name":"wp","href":"https:\/\/api.w.org\/{rel}","templated":true}]}}