{"id":296527,"date":"2015-07-07T08:30:25","date_gmt":"2015-07-07T06:30:25","guid":{"rendered":"http:\/\/www.ivg.it\/?p=296527"},"modified":"2015-07-07T08:35:44","modified_gmt":"2015-07-07T06:35:44","slug":"loano-nuovo-sollevatore-per-la-piscina-comunale","status":"publish","type":"post","link":"https:\/\/staging.ivg.it\/2015\/07\/loano-nuovo-sollevatore-per-la-piscina-comunale\/","title":{"rendered":"Loano, nuovo sollevatore per la piscina comunale"},"content":{"rendered":"<p><strong>Loano<\/strong>. Il Comune di Loano ha incrementato l&#8217;accessibilit\u00e0 agli impianti sportivi da parte delle persone con disabilit\u00e0 grazie <strong>al nuovo sollevatore installato in questi giorni presso le piscine &#8220;baby&#8221; del palazzetto dello sport di via Matteotti<\/strong>.<\/p>\n<p>La nuova attrezzatura, realizzata dal Comune con la collaborazione dell\u2019Associazione Dopodomani Onlus, <strong>permetter\u00e0 la balneazione assistita di bambini e ragazzi con grave disabilit\u00e0 e sar\u00e0 inoltre utilizzabile, in sinergia con le strutture riabilitative, per fisiokinesiterapia in acqua<\/strong>.<\/p>\n<p>L&#8217;inaugurazione del nuovo sollevatore per vasca piccola si terr\u00e0 gioved\u00ec alle 17.30 presso la piscina comunale di localit\u00e0 Fei.<\/p>\n<p>Ma non finisce qui: <strong>sono aumentati gli stabilimenti balneari e le spiagge libere attrezzate dotate di carrozzine da mare &#8220;Tiralo&#8221;, &#8220;Job&#8221; e altri ausili simili<\/strong>. Su queste strutture sventola la Bandiera Lilla 2014-2015 attribuita dalla Regione al Comune per quanto realizzato a favore del turismo fruibile da parte delle persone con disabilit\u00e0.<\/p>\n","protected":false},"excerpt":{"rendered":"<p>Permetter\u00e0 la balneazione assistita di bambini e ragazzi con grave disabilit\u00e0 e sar\u00e0 utilizzabile per fisiokinesiterapia in acqua<\/p>\n","protected":false},"author":12120,"featured_media":0,"comment_status":"open","ping_status":"closed","sticky":false,"template":"","format":"standard","meta":{"footnotes":""},"categories":[45296,34],"tags":[4998,7218,72390],"class_list":["post-296527","post","type-post","status-publish","format-standard","hentry","category-copertina","category-cronaca","tag-diversamente-abili","tag-dopodomani","tag-palazzetto-sport-loano","post_cat_citta-loano"],"amp_validity":null,"amp_enabled":true,"_links":{"self":[{"href":"https:\/\/staging.ivg.it\/ediapi\/wp\/v2\/posts\/296527","targetHints":{"allow":["GET"]}}],"collection":[{"href":"https:\/\/staging.ivg.it\/ediapi\/wp\/v2\/posts"}],"about":[{"href":"https:\/\/staging.ivg.it\/ediapi\/wp\/v2\/types\/post"}],"author":[{"embeddable":true,"href":"https:\/\/staging.ivg.it\/ediapi\/wp\/v2\/users\/12120"}],"replies":[{"embeddable":true,"href":"https:\/\/staging.ivg.it\/ediapi\/wp\/v2\/comments?post=296527"}],"version-history":[{"count":0,"href":"https:\/\/staging.ivg.it\/ediapi\/wp\/v2\/posts\/296527\/revisions"}],"wp:attachment":[{"href":"https:\/\/staging.ivg.it\/ediapi\/wp\/v2\/media?parent=296527"}],"wp:term":[{"taxonomy":"category","embeddable":true,"href":"https:\/\/staging.ivg.it\/ediapi\/wp\/v2\/categories?post=296527"},{"taxonomy":"post_tag","embeddable":true,"href":"https:\/\/staging.ivg.it\/ediapi\/wp\/v2\/tags?post=296527"}],"curies":[{"name":"wp","href":"https:\/\/api.w.org\/{rel}","templated":true}]}}