{"id":296348,"date":"2015-07-04T10:49:20","date_gmt":"2015-07-04T08:49:20","guid":{"rendered":"http:\/\/www.ivg.it\/?p=296348"},"modified":"2015-07-04T10:49:20","modified_gmt":"2015-07-04T08:49:20","slug":"notte-bollente-in-liguria-temperature-sopra-i-30","status":"publish","type":"post","link":"https:\/\/staging.ivg.it\/2015\/07\/notte-bollente-in-liguria-temperature-sopra-i-30\/","title":{"rendered":"Notte bollente in Liguria: temperature sopra i 30\u00b0"},"content":{"rendered":"<p><strong>Liguria<\/strong>. Temperature over 30\u00b0 C si sono state registrate questa notte in diverse localit\u00e0 liguri, comprese quelle del Savonese. E per tutto il week end sar\u00e0 disagio da caldo record. Il consiglio \u00e8 sempre lo stesso: evitare di esporsi al sole nelle ore pi\u00f9 calde della giornata, limitare le uscite per anziani e bambini e bere molta acqua.<\/p>\n<p>In base alle previsioni del centro meteo ligure oggi avremo &#8220;al mattino cielo sereno ovunque: un sereno lattiginoso, non limpido, con residue velature a levante, in attenuazione. Nel corso della giornata nubi cumuliformi di piccola o media taglia in formazione in Appennino da Genova verso levante, sconfinanti a tratti lungo le coste, ma senza precipitazioni. Qualche temporale di calore \u00e8 atteso invece sulle Alpi Liguri. Altrove tempo nel complesso soleggiato per l&#8217;intera giornata&#8221;.<\/p>\n<p>Le temperature saranno in ulteriore e lieve aumento, su valori elevati, fino a 34-35\u00b0 nelle pianure interne, 28-31\u00b0 lungo la fascia costiera. Tasso di umidit\u00e0 lungo le coste in lieve calo, attorno al 50-55%. Stesso tempo e caldo anche per domani<\/p>\n","protected":false},"excerpt":{"rendered":"<p>Liguria. Temperature over 30\u00b0 C si sono state registrate questa notte in diverse localit\u00e0 liguri, comprese quelle del Savonese. E per tutto il week end sar\u00e0 disagio da caldo record. Il consiglio \u00e8 sempre lo stesso: evitare di esporsi al sole nelle ore pi\u00f9 calde della giornata, limitare le uscite per anziani e bambini e [&hellip;]<\/p>\n","protected":false},"author":2394,"featured_media":0,"comment_status":"open","ping_status":"closed","sticky":false,"template":"","format":"standard","meta":{"footnotes":""},"categories":[56],"tags":[65228,652,45966],"class_list":["post-296348","post","type-post","status-publish","format-standard","hentry","category-altre","tag-centro-limet","tag-meteo","tag-meteo-liguria","post_cat_citta-andora","post_cat_citta-savona"],"amp_validity":null,"amp_enabled":true,"_links":{"self":[{"href":"https:\/\/staging.ivg.it\/ediapi\/wp\/v2\/posts\/296348","targetHints":{"allow":["GET"]}}],"collection":[{"href":"https:\/\/staging.ivg.it\/ediapi\/wp\/v2\/posts"}],"about":[{"href":"https:\/\/staging.ivg.it\/ediapi\/wp\/v2\/types\/post"}],"author":[{"embeddable":true,"href":"https:\/\/staging.ivg.it\/ediapi\/wp\/v2\/users\/2394"}],"replies":[{"embeddable":true,"href":"https:\/\/staging.ivg.it\/ediapi\/wp\/v2\/comments?post=296348"}],"version-history":[{"count":0,"href":"https:\/\/staging.ivg.it\/ediapi\/wp\/v2\/posts\/296348\/revisions"}],"wp:attachment":[{"href":"https:\/\/staging.ivg.it\/ediapi\/wp\/v2\/media?parent=296348"}],"wp:term":[{"taxonomy":"category","embeddable":true,"href":"https:\/\/staging.ivg.it\/ediapi\/wp\/v2\/categories?post=296348"},{"taxonomy":"post_tag","embeddable":true,"href":"https:\/\/staging.ivg.it\/ediapi\/wp\/v2\/tags?post=296348"}],"curies":[{"name":"wp","href":"https:\/\/api.w.org\/{rel}","templated":true}]}}