{"id":296341,"date":"2015-07-04T08:21:54","date_gmt":"2015-07-04T06:21:54","guid":{"rendered":"http:\/\/www.ivg.it\/?p=296341"},"modified":"2015-07-04T08:21:54","modified_gmt":"2015-07-04T06:21:54","slug":"sicurezza-sui-treni-albano-i-convogli-liguri-tra-i-piu-a-rischio-ma-annullare-le-corse-penalizza-i-cittadini","status":"publish","type":"post","link":"https:\/\/staging.ivg.it\/2015\/07\/sicurezza-sui-treni-albano-i-convogli-liguri-tra-i-piu-a-rischio-ma-annullare-le-corse-penalizza-i-cittadini\/","title":{"rendered":"Sicurezza sui treni, Albano: \u201cI convogli liguri tra i pi\u00f9 a rischio, ma annullare le corse penalizza i cittadini\u201d"},"content":{"rendered":"<p><strong>Liguria<\/strong>. &#8220;I recenti fatti di cronaca segnano un&#8217;autentica escalation di violenza ai danni del personale ferroviario, \u00e8 quindi necessario che la presenza delle Forze dell&#8217;Ordine a bordo dei treni e nelle stazioni, venga rafforzata. Non \u00e8 possibile che vengano annullate delle corse per tutelare i lavoratori nelle ore pi\u00f9 critiche, questo \u00e8 un autentico danno per tutti i cittadini che vedono ulteriormente limitata la loro mobilit\u00e0\u201d. A dirlo \u00e8 la Senatrice ligure Donatella Albano del Partito Democratico che annuncia di aver \u201cdepositato un&#8217;interrogazione urgente ai Ministri dell&#8217;Interno e delle Infrastrutture e dei Trasporti perch\u00e9 vengano presi al pi\u00f9 presto provvedimenti in questo senso&#8221;.<\/p>\n<p>Secondo i dati forniti da Ferrovie dello Stato SpA e Trenitalia SpA solo nei primi 5 mesi dell&#8217;anno sarebbero state 140 le aggressioni verificatesi a bordo dei treni del gruppo FS, di cui circa il 10 per cento su convogli che attraversano la Liguria, i casi recenti pi\u00f9 eclatanti riguardano l&#8217;aggressione a colpi di machete avvenuta a Milano ai danni di due ferrovieri, e le aggressioni avvenute in Liguria nei confronti di capotreni in servizio.<\/p>\n<p>&#8220;I treni liguri individuati come maggiormente pericolosi sono: il regionale delle ore 04.32 da Sestri Levante a Milano Centrale; il regionale delle ore 20.00 da Ventimiglia a Genova Brignole; il primo intercity delle ore 04.40 da Ventimiglia a Milano centrale; treni che rischiano la soppressione se non verr\u00e0 garantita la presenza a bordo delle Forze dell&#8217;Ordine come richiesto dalle sigle sindacali Cgil, Uil e Orsa&#8221; spiega la Senatrice Albano che conclude: \u201cE\u2019 quindi necessario che arrivi dal Governo una pronta risposta a tutela dei lavoratori e dei viaggiatori\u201d.<\/p>\n","protected":false},"excerpt":{"rendered":"<p>Liguria. &#8220;I recenti fatti di cronaca segnano un&#8217;autentica escalation di violenza ai danni del personale ferroviario, \u00e8 quindi necessario che la presenza delle Forze dell&#8217;Ordine a bordo dei treni e nelle stazioni, venga rafforzata. Non \u00e8 possibile che vengano annullate delle corse per tutelare i lavoratori nelle ore pi\u00f9 critiche, questo \u00e8 un autentico danno [&hellip;]<\/p>\n","protected":false},"author":2394,"featured_media":0,"comment_status":"open","ping_status":"closed","sticky":false,"template":"","format":"standard","meta":{"footnotes":""},"categories":[31],"tags":[72296,497],"class_list":["post-296341","post","type-post","status-publish","format-standard","hentry","category-politica","tag-sicurezza-treni","tag-treni","post_cat_citta-andora","post_tag_personaggi-donatella-albano"],"amp_validity":null,"amp_enabled":true,"_links":{"self":[{"href":"https:\/\/staging.ivg.it\/ediapi\/wp\/v2\/posts\/296341","targetHints":{"allow":["GET"]}}],"collection":[{"href":"https:\/\/staging.ivg.it\/ediapi\/wp\/v2\/posts"}],"about":[{"href":"https:\/\/staging.ivg.it\/ediapi\/wp\/v2\/types\/post"}],"author":[{"embeddable":true,"href":"https:\/\/staging.ivg.it\/ediapi\/wp\/v2\/users\/2394"}],"replies":[{"embeddable":true,"href":"https:\/\/staging.ivg.it\/ediapi\/wp\/v2\/comments?post=296341"}],"version-history":[{"count":0,"href":"https:\/\/staging.ivg.it\/ediapi\/wp\/v2\/posts\/296341\/revisions"}],"wp:attachment":[{"href":"https:\/\/staging.ivg.it\/ediapi\/wp\/v2\/media?parent=296341"}],"wp:term":[{"taxonomy":"category","embeddable":true,"href":"https:\/\/staging.ivg.it\/ediapi\/wp\/v2\/categories?post=296341"},{"taxonomy":"post_tag","embeddable":true,"href":"https:\/\/staging.ivg.it\/ediapi\/wp\/v2\/tags?post=296341"}],"curies":[{"name":"wp","href":"https:\/\/api.w.org\/{rel}","templated":true}]}}