{"id":296067,"date":"2015-07-01T08:14:09","date_gmt":"2015-07-01T06:14:09","guid":{"rendered":"http:\/\/www.ivg.it\/?p=296067"},"modified":"2015-07-01T08:14:22","modified_gmt":"2015-07-01T06:14:22","slug":"savona-approvato-il-progetto-per-il-nuovo-manto-del-campo-don-nasi","status":"publish","type":"post","link":"https:\/\/staging.ivg.it\/2015\/07\/savona-approvato-il-progetto-per-il-nuovo-manto-del-campo-don-nasi\/","title":{"rendered":"Savona, approvato il progetto per il nuovo manto del campo &#8220;Don Nasi&#8221;"},"content":{"rendered":"<p><strong>Savona<\/strong>. La giunta di Federico Berruti ha approvato la proposta dell&#8217;assessore allo sport Luca Martino riguardante il rifacimento del manto sintetico del campetto comunale \u201cDon Nasi\u201d di via Tissoni. L&#8217;intervento ha un importo complessivo di 98 mila euro.<\/p>\n<p>Dichiara l&#8217;Assessore Martino: \u201cProvvediamo ad eseguire i necessari <strong>lavori di rifacimento del fondo in erba sintetica del campetto Don Masi, realizzato nel 2003, una delle principali strutture sportive di riferimento per l&#8217;utenza giovanile savonese<\/strong>. I lavori ci sono stati posti all&#8217;attenzione dalla societ\u00e0 sportiva Fbc Veloce 1910 Asd, gestore dell&#8217;impianto da oltre 10 anni. Voglio ricordare che l&#8217;impianto \u00e8 stato il primo ad essere realizzato da questa amministrazione in sinergia con la societ\u00e0 sportiva cui poi \u00e8 stata affidata la gestione, secondo una formula replicata successivamente per numerose nostre strutture sportive&#8221;.<\/p>\n","protected":false},"excerpt":{"rendered":"<p>L&#8217;intervento ha un importo complessivo di 98 mila euro<\/p>\n","protected":false},"author":12120,"featured_media":0,"comment_status":"open","ping_status":"closed","sticky":false,"template":"","format":"standard","meta":{"footnotes":""},"categories":[45296,31],"tags":[55093],"class_list":["post-296067","post","type-post","status-publish","format-standard","hentry","category-copertina","category-politica","tag-fbc-veloce-1910","post_cat_citta-savona","post_tag_personaggi-luca-martino"],"amp_validity":null,"amp_enabled":true,"_links":{"self":[{"href":"https:\/\/staging.ivg.it\/ediapi\/wp\/v2\/posts\/296067","targetHints":{"allow":["GET"]}}],"collection":[{"href":"https:\/\/staging.ivg.it\/ediapi\/wp\/v2\/posts"}],"about":[{"href":"https:\/\/staging.ivg.it\/ediapi\/wp\/v2\/types\/post"}],"author":[{"embeddable":true,"href":"https:\/\/staging.ivg.it\/ediapi\/wp\/v2\/users\/12120"}],"replies":[{"embeddable":true,"href":"https:\/\/staging.ivg.it\/ediapi\/wp\/v2\/comments?post=296067"}],"version-history":[{"count":0,"href":"https:\/\/staging.ivg.it\/ediapi\/wp\/v2\/posts\/296067\/revisions"}],"wp:attachment":[{"href":"https:\/\/staging.ivg.it\/ediapi\/wp\/v2\/media?parent=296067"}],"wp:term":[{"taxonomy":"category","embeddable":true,"href":"https:\/\/staging.ivg.it\/ediapi\/wp\/v2\/categories?post=296067"},{"taxonomy":"post_tag","embeddable":true,"href":"https:\/\/staging.ivg.it\/ediapi\/wp\/v2\/tags?post=296067"}],"curies":[{"name":"wp","href":"https:\/\/api.w.org\/{rel}","templated":true}]}}