{"id":296000,"date":"2015-06-30T10:18:22","date_gmt":"2015-06-30T08:18:22","guid":{"rendered":"http:\/\/www.ivg.it\/?p=296000"},"modified":"2015-06-30T10:18:22","modified_gmt":"2015-06-30T08:18:22","slug":"pietra-al-via-la-prevendita-per-il-concerto-di-allevi","status":"publish","type":"post","link":"https:\/\/staging.ivg.it\/2015\/06\/pietra-al-via-la-prevendita-per-il-concerto-di-allevi\/","title":{"rendered":"Pietra, al via la prevendita per il concerto di Allevi"},"content":{"rendered":"<p><strong>Pietra Ligure<\/strong>. Sono iniziate le prevendite dei biglietti per assistere all&#8217;evento principale dell&#8217;estate di Pietra: il concerto del pianista Giovanni Allevi , che il 31 luglio alle 21.30 animer\u00e0 con le sue note la suggestiva cornice della centralissima piazza San Nicol\u00f2.<\/p>\n<p>I prezzi dei biglietti variano da 20 a 35 euro a seconda del settore e sono acquistabili senza maggiorazioni presso l&#8217;ufficio turismo del Comune dal luned\u00ec al venerd\u00ec, dalle 10 alle 12.30 e nei pomeriggi di marted\u00ec e gioved\u00ec dalle 15 alle 17.<\/p>\n<p>Ulteriori informazioni sono disponibili sulla pagina Facebook turistica di Pietra Ligure ed ai recapiti telefonici 019-62931344 e 331-6236742. I biglietti sono inoltre disponibili su internet, sul circuito di prevendite online TicketOne (www.ticketone.it).<\/p>\n<p>Sempre all&#8217;ufficio Turismo del Comune, negli stessi orari, sono in prevendita i biglietti per la serata del 17 luglio con il cabarettista di Zelig Giovanni Vernia.<\/p>\n<p>Il Comune di Pietra Ligure, organizzatore delle manifestazioni, consiglia per entrambi gli eventi l\u2019acquisto in prevendita per evitare le code a ridosso dell\u2019inizio degli spettacoli.<\/p>\n","protected":false},"excerpt":{"rendered":"<p>Sono in prevendita i biglietti per la serata del 17 luglio con il cabarettista di Zelig Giovanni Vernia<\/p>\n","protected":false},"author":12120,"featured_media":0,"comment_status":"open","ping_status":"closed","sticky":false,"template":"","format":"standard","meta":{"footnotes":""},"categories":[45296,56],"tags":[5161,11242],"class_list":["post-296000","post","type-post","status-publish","format-standard","hentry","category-copertina","category-altre","tag-prevendita","tag-zelig","post_cat_citta-pietra-ligure","post_tag_personaggi-giovanni-allevi","post_tag_personaggi-giovanni-vernia"],"amp_validity":null,"amp_enabled":true,"_links":{"self":[{"href":"https:\/\/staging.ivg.it\/ediapi\/wp\/v2\/posts\/296000","targetHints":{"allow":["GET"]}}],"collection":[{"href":"https:\/\/staging.ivg.it\/ediapi\/wp\/v2\/posts"}],"about":[{"href":"https:\/\/staging.ivg.it\/ediapi\/wp\/v2\/types\/post"}],"author":[{"embeddable":true,"href":"https:\/\/staging.ivg.it\/ediapi\/wp\/v2\/users\/12120"}],"replies":[{"embeddable":true,"href":"https:\/\/staging.ivg.it\/ediapi\/wp\/v2\/comments?post=296000"}],"version-history":[{"count":0,"href":"https:\/\/staging.ivg.it\/ediapi\/wp\/v2\/posts\/296000\/revisions"}],"wp:attachment":[{"href":"https:\/\/staging.ivg.it\/ediapi\/wp\/v2\/media?parent=296000"}],"wp:term":[{"taxonomy":"category","embeddable":true,"href":"https:\/\/staging.ivg.it\/ediapi\/wp\/v2\/categories?post=296000"},{"taxonomy":"post_tag","embeddable":true,"href":"https:\/\/staging.ivg.it\/ediapi\/wp\/v2\/tags?post=296000"}],"curies":[{"name":"wp","href":"https:\/\/api.w.org\/{rel}","templated":true}]}}