{"id":295809,"date":"2015-06-27T09:51:31","date_gmt":"2015-06-27T07:51:31","guid":{"rendered":"http:\/\/www.ivg.it\/?p=295809"},"modified":"2021-04-12T10:49:35","modified_gmt":"2021-04-12T08:49:35","slug":"parco-del-beigua-melis-m5s-no-allo-sfruttamento-minerario-si-a-sviluppo-sostenibile-dellentroterra","status":"publish","type":"post","link":"https:\/\/staging.ivg.it\/2015\/06\/parco-del-beigua-melis-m5s-no-allo-sfruttamento-minerario-si-a-sviluppo-sostenibile-dellentroterra\/","title":{"rendered":"Parco del Beigua, Melis (M5S): &#8220;No allo sfruttamento minerario, s\u00ec a sviluppo sostenibile dell&#8217;entroterra&#8221;"},"content":{"rendered":"<p><strong>Sassello\/Urbe.<\/strong> &#8220;Nei giorni scorsi abbiamo depositato le osservazioni per la procedura di Via nr. 355 &#8220;Permesso di ricerca mineraria per minerali di titanio, granato e minerali associati, denominato Monte Tarin\u00e9&#8221; perch\u00e9 sia cassato il progetto di ricerca mineraria sul Monte Tarin\u00e8, condividendo nei contenuti le espressioni dei comuni di Urbe e Sassello, delle associazioni e dei comitati ambientalisti ed affermando che non si possono violare le norme che tutelano le nostre aree protette; ricordiamo infatti che per il 60% l&#8217;area interessata insiste all&#8217;interno del parco del Beigua e che soprattutto \u00e8 fatto divieto su tutto il territorio nazionale l&#8217;estrazione e la cava ove ci sia presenza di amianto, in questo caso in forma di eclogite, roccia che contiene per una cospicua percentuale il cosiddetto &#8220;amianto blu&#8221;. La tutela della salute e la prevenzione dei rischi sanitari sono priorit\u00e0 non eludibili. Ma \u00e8 soprattutto una visione di sfruttamento del territorio sbagliata&#8221;. Lo afferma il consigliere regionale del M5S Andrea Melis, con i grillini al fianco di comuni e associazioni per dire no allo sfruttamento minerario del Beigua, s\u00ec allo sviluppo economico grazie alla valorizzazione dell&#8217;entroterra&#8221;.<\/p>\n<p>&#8220;Tengo a precisare che la tutela dell&#8217;ambiente in un enclave naturalistica, che non si limita ai soli confini del parco, per pregio, conservazione flora e fauna \u00e8 doverosa anche per rilanciare il turismo nel nostro splendido entroterra ancora poco valorizzato e che nel Parco del Beigua pu\u00f2 esprimere bellezze invidiabili a tutti, diventando di fatto anche un volano per lo sviluppo economico del nostro territorio. Dobbiamo invertire la rotta rispetto al consumo distruttivo delle risorse della regione, martoriata da anni di politiche irrazionali nella gestione del territorio che ci sono costati uno stato di allarme costante per il dissesto idrogeologico&#8221; aggiunge Melis.<\/p>\n<p>&#8220;Sono oltre 20 anni che i cittadini si oppongono alla reiterata richiesta di velati o espliciti desideri di sfruttamento minerario del nostro prezioso parco, siamo convinti che vadano accolte le istanze del territorio e delle associazioni che in questi anni hanno promosso la tutela dell&#8217;area tutti unanimi nella bocciatura del progetto quali il WWF, Italia Nostra, Lega Ambiente, l&#8217;Ente Parco del Beigua, i comuni di Sassello e Urbe e, non ultimo, il Comitato Spontaneo degli Amici del Tarin\u00e8 che recentemente ha promosso una raccolta firme e adesioni in tutta la regione&#8221; conclude il consigliere regionale del M5S.<\/p>\n","protected":false},"excerpt":{"rendered":"<p>Sassello\/Urbe. &#8220;Nei giorni scorsi abbiamo depositato le osservazioni per la procedura di Via nr. 355 &#8220;Permesso di ricerca mineraria per minerali di titanio, granato e minerali associati, denominato Monte Tarin\u00e9&#8221; perch\u00e9 sia cassato il progetto di ricerca mineraria sul Monte Tarin\u00e8, condividendo nei contenuti le espressioni dei comuni di Urbe e Sassello, delle associazioni e [&hellip;]<\/p>\n","protected":false},"author":4,"featured_media":0,"comment_status":"open","ping_status":"closed","sticky":false,"template":"","format":"standard","meta":{"footnotes":""},"categories":[45296,31],"tags":[44585,46089,29875,86125,116398],"class_list":["post-295809","post","type-post","status-publish","format-standard","hentry","category-copertina","category-politica","tag-m5s","tag-monte-tarine","tag-movimento-5-stelle","tag-parco-del-beigua","tag-titanio-beigua","post_cat_citta-sassello","post_cat_citta-urbe","post_tag_personaggi-andrea-melis"],"amp_validity":null,"amp_enabled":true,"_links":{"self":[{"href":"https:\/\/staging.ivg.it\/ediapi\/wp\/v2\/posts\/295809","targetHints":{"allow":["GET"]}}],"collection":[{"href":"https:\/\/staging.ivg.it\/ediapi\/wp\/v2\/posts"}],"about":[{"href":"https:\/\/staging.ivg.it\/ediapi\/wp\/v2\/types\/post"}],"author":[{"embeddable":true,"href":"https:\/\/staging.ivg.it\/ediapi\/wp\/v2\/users\/4"}],"replies":[{"embeddable":true,"href":"https:\/\/staging.ivg.it\/ediapi\/wp\/v2\/comments?post=295809"}],"version-history":[{"count":0,"href":"https:\/\/staging.ivg.it\/ediapi\/wp\/v2\/posts\/295809\/revisions"}],"wp:attachment":[{"href":"https:\/\/staging.ivg.it\/ediapi\/wp\/v2\/media?parent=295809"}],"wp:term":[{"taxonomy":"category","embeddable":true,"href":"https:\/\/staging.ivg.it\/ediapi\/wp\/v2\/categories?post=295809"},{"taxonomy":"post_tag","embeddable":true,"href":"https:\/\/staging.ivg.it\/ediapi\/wp\/v2\/tags?post=295809"}],"curies":[{"name":"wp","href":"https:\/\/api.w.org\/{rel}","templated":true}]}}