{"id":295689,"date":"2015-06-25T18:34:40","date_gmt":"2015-06-25T16:34:40","guid":{"rendered":"http:\/\/www.ivg.it\/?p=295689"},"modified":"2015-06-25T18:34:40","modified_gmt":"2015-06-25T16:34:40","slug":"villanova-tutto-pronto-per-la-prima-edizione-di-expodrone","status":"publish","type":"post","link":"https:\/\/staging.ivg.it\/2015\/06\/villanova-tutto-pronto-per-la-prima-edizione-di-expodrone\/","title":{"rendered":"Villanova, tutto pronto per la prima edizione di Expodrone"},"content":{"rendered":"<p><strong>Villanova d&#8217;Albenga<\/strong>. <strong>Tutto pronto per la prima edizione di Expodrone<\/strong>. Domani e sabato a Villanova d&#8217;Albenga, all&#8217;interno dell&#8217;aeroporto internazionale &#8220;Clemente Panero&#8221;, si terr\u00e0 un evento interamente dedicato ai droni, il primo del settore in Liguria, uno dei pi\u00f9 importanti su scala nazionale. Un appuntamento imperdibile per addetti ai lavori, appassionati e semplici curiosi, su un argomento di sempre maggiore attualit\u00e0, quello degli aeromobili a pilotaggio remoto. Tutto questo, nella suggestiva location di un aeroporto.<\/p>\n<p>L&#8217;iniziativa \u00e8 frutto della collaborazione tra Aeroclub Savona e della Riviera Ligure, Ava Spa e Mway Communication &amp; Events di Mattia Righello, con la partecipazione di AssoAeroporti, ENAC e della Camera di Commercio di Savona, e il patrocinio di Regione Liguria, Provincia di Savona, Comune di Villanova d&#8217;Albenga, Comune di Albenga, Unione degli Industriali della Provincia di Savona, Aeroclub d&#8217;Italia, Assorpass, Fiaprs, Ordine dei Geologi della Liguria, Ordine degli Ingegneri della Provincia di Savona, Ordine degli Architetti della Provincia di Savona, Ordine Provinciale Geometri e Geometri Laureati di Imperia, Unit\u00e0 Volontari della Protezione Civile. Partner della prima edizione di Expodrone saranno Piaggio Aerospace, ProS3 &#8211; Studio 3RD, ItalDron, 3DeFFe. Partner tecnici, Computer Online, Baseco, Bacchetta.<\/p>\n<p>Nati inizialmente per esclusivi scopi militari, come avvenuto per molte delle pi\u00f9 moderne tecnologie, <strong>i droni hanno vissuto, con il progresso scientifico degli ultimi cinquant&#8217;anni, un&#8217;incredibile evoluzione, sia dal punto di vista tecnologico che da quello applicativo<\/strong>. Oggi, sono strumenti a sempre pi\u00f9 elevata diffusione, utilizzati per gli scopi pi\u00f9 disparati, nei pi\u00f9 diversi settori. Un mondo in costante cambiamento e continuo sviluppo, da scoprire e da studiare.<\/p>\n<p>Da qui nasce l&#8217;idea di dare vita a <strong>un grande evento dedicato al settore dei Sapr\u00a0(Sistemi Aeromobili a Pilotaggio Remoto, comunemente detti &#8220;droni&#8221;), in cui fare incontrare produttori e operatori del settore in genere, enti dedicati, professionisti che si servono di queste nuove tecnologie in ambito lavorativo e appassionati del settore<\/strong>. Conferenze, approfondimenti, corsi di formazione e di aggiornamento, presentazioni, dimostrazioni pratiche, e molto altro ancora: con ampie aree e superfici espositive, l&#8217;Aeroporto &#8220;Clemente Panero&#8221; si appresta a ospitare un grande evento con promozione, formazione, conferenze e prove di volo, per due giorni emozionanti in cui i droni saranno assoluti protagonisti.<\/p>\n<p><strong>Questo il programma di domani:<\/strong><\/p>\n<p>ore 10.00<br \/>\napertura cancelli<\/p>\n<p>ore 10.30, ingresso area espositiva<br \/>\ntaglio del nastro alla presenza delle autorit\u00e0<\/p>\n<p>ore 11.00, Sala 1<br \/>\nconferenza di apertura<\/p>\n<p>ore 12.00, sala 1<br \/>\n&#8220;Evoluzione della normativa sugli APR \u2013 Regolamento ENAC allo stato attuale e prospettive&#8221;<\/p>\n<p>dalle ore 12.00 alle ore 18.00, Area Esibizioni<br \/>\nProve di volo Indoor<\/p>\n<p>ore 14.30, Sala 1<br \/>\n&#8220;Risk management, assicurare i droni, nuove normative e obbligo di assicurazione&#8221;, a cura di Paganelli R. S.<\/p>\n<p>ore 14.30, Sala 2<br \/>\nseminario per gli ordini professionali \u2013 le videoispezioni<\/p>\n<p>Fotografia e Videoripresa Aerea.<br \/>\nI sensori ottici e lenti utilizzabili e loro possibilit\u00e0 di remotizzazione da terra.<br \/>\nStabilizzatore video e modalit\u00e0 operative sul campo.<br \/>\nContestualizzazione paesaggistica di progetti edilizi e opere infrastrutturali.<br \/>\nValutazione di impatto ambientale e paesaggistico.<br \/>\nLa pianificazione e la gestione urbanistica.<br \/>\nL&#8217;osservazione ed il monitoraggio dei cantieri.<br \/>\nMonitoraggio dell&#8217;uso e della copertura del suolo<br \/>\nSpazio case studies + domande.<\/p>\n<p>ore 15.30, Sala 1<br \/>\n&#8220;Utilizzo di piattaforme e sensori avanzati per operazioni di protezione civile, pubblica sicurezza e rilievo del territorio&#8221; a cura di ProS3 e R3D<\/p>\n<p>ore 16.30, Sala 1<br \/>\nPresentazione del P1HH a cura di Piaggio Aerospace<\/p>\n<p>ore 17.30, Sala 1<br \/>\n&#8220;Sensori a bordo degli APR . Fotogrammetria, Laser scanner, Termografia, Iperspettrale multispettrale&#8221; a cura di Microgeo<\/p>\n<p>ore 19.00<br \/>\nchiusura cancelli<\/p>\n<p>&nbsp;<\/p>\n<p><strong>Questo il programma di sabato:<\/strong><\/p>\n<p>ore 9.30<br \/>\napertura cancelli<\/p>\n<p>dalle ore 10.00 alle ore 13.30, Sala 1<br \/>\nseminario per gli ordini professionali<\/p>\n<p>Fotogrammetria e dati spaziali tridimensionali<br \/>\n&#8211; Ortofotografia e generazione di modelli 3D, nuvole di punti, Digital Elevation Model da fotogrammetria.<br \/>\n&#8211; Misurazione di dati spaziali: distante, aree, volumi.<br \/>\n&#8211; Acquisizione sul campo e attrezzatura necessaria, settaggi della camera, requisiti della scena e strategie di pianificazione per la cattura del dataset fotografico, punti di controllo a terra e georeferenziazione.<br \/>\n&#8211; Postproduzione: workflow dall&#8217;importazione del dataset, dense point cloud, costruzione della mesh (modello 3D poligonale), generazione della texture ed esportazione dei risultati.<br \/>\n&#8211; Case studies e domande.<\/p>\n<p>ore 11.00, Sala 2<br \/>\nTavola rotonda sull&#8217;uso dei droni negli interventi di Protezione Civile, esperienze a confronto&#8221; a cura di Expodrone e con la moderazione del Dir. Franco Pasargiklian<\/p>\n<p>dalle 11.30 alle 18.00, Area Esibizioni<br \/>\nProve di volo indoor<\/p>\n<p>ore 12.00, Sala 2<br \/>\nPresentazione progetto di ricerca: &#8220;La tecnologia drone al servizio dell&#8217;ambiente costiero&#8221; a cura di SEAMap srl<\/p>\n<p>ore 14.30, Sala 1<br \/>\n&#8220;La fotogrammetria come metodo di indagine applicata all&#8217;ingegneria, alla geomorfologia, all&#8217;architettura: esempi pratici&#8221;. A cura di 3DeFFe<\/p>\n<p>dalle ore 15.00 alle ore 17.00, Sala 2<br \/>\nSeminario per gli Ordini Professionali<\/p>\n<p>I Sistemi Aeromobili a Pilotaggio Remoto<br \/>\nLa tecnologia degli AP<br \/>\nLe componenti: il motore elettrico, il controllo del motore brushless, le tipologie d&#8217; elica, il sistema di controllo del volo, i sensori, il terminatore di volo<\/p>\n<p>ore 15.30, Sala 1<br \/>\n&#8220;Soluzioni SAPR e applicazioni nell&#8217;era della normativa ENAC&#8221;, a cura di Italdron<\/p>\n<p>ore 16.30, Sala 1<br \/>\n&#8220;I droni per l&#8217;agricoltura: redditivit\u00e0 e sostenibilit\u00e0&#8221; a cura di Salt&amp;Lemon<\/p>\n<p>ore 17.30, Sala 1<br \/>\n&#8220;I droni e le tecnologie video in ambito professionale&#8221; a cura di Cinefly<\/p>\n<p>ore 19.00<br \/>\nchiusura cancelli<\/p>\n","protected":false},"excerpt":{"rendered":"<p>Il programma completo dell&#8217;evento<\/p>\n","protected":false},"author":12120,"featured_media":0,"comment_status":"open","ping_status":"closed","sticky":false,"template":"","format":"standard","meta":{"footnotes":""},"categories":[56],"tags":[69234,65252,71104],"class_list":["post-295689","post","type-post","status-publish","format-standard","hentry","category-altre","tag-aeroporto-clemente-panero-villanova-dalbenga","tag-droni","tag-expodrone","post_cat_citta-villanova-dalbenga"],"amp_validity":null,"amp_enabled":true,"_links":{"self":[{"href":"https:\/\/staging.ivg.it\/ediapi\/wp\/v2\/posts\/295689","targetHints":{"allow":["GET"]}}],"collection":[{"href":"https:\/\/staging.ivg.it\/ediapi\/wp\/v2\/posts"}],"about":[{"href":"https:\/\/staging.ivg.it\/ediapi\/wp\/v2\/types\/post"}],"author":[{"embeddable":true,"href":"https:\/\/staging.ivg.it\/ediapi\/wp\/v2\/users\/12120"}],"replies":[{"embeddable":true,"href":"https:\/\/staging.ivg.it\/ediapi\/wp\/v2\/comments?post=295689"}],"version-history":[{"count":0,"href":"https:\/\/staging.ivg.it\/ediapi\/wp\/v2\/posts\/295689\/revisions"}],"wp:attachment":[{"href":"https:\/\/staging.ivg.it\/ediapi\/wp\/v2\/media?parent=295689"}],"wp:term":[{"taxonomy":"category","embeddable":true,"href":"https:\/\/staging.ivg.it\/ediapi\/wp\/v2\/categories?post=295689"},{"taxonomy":"post_tag","embeddable":true,"href":"https:\/\/staging.ivg.it\/ediapi\/wp\/v2\/tags?post=295689"}],"curies":[{"name":"wp","href":"https:\/\/api.w.org\/{rel}","templated":true}]}}