{"id":295624,"date":"2015-06-25T11:26:07","date_gmt":"2015-06-25T09:26:07","guid":{"rendered":"http:\/\/www.ivg.it\/?p=295624"},"modified":"2015-06-25T13:15:34","modified_gmt":"2015-06-25T11:15:34","slug":"giovedi-in-musica-a-calice-ligure-questa-sera-il-carlo-aonzo-trio","status":"publish","type":"post","link":"https:\/\/staging.ivg.it\/2015\/06\/giovedi-in-musica-a-calice-ligure-questa-sera-il-carlo-aonzo-trio\/","title":{"rendered":"Gioved\u00ec in musica a Calice Ligure: questa sera il Carlo Aonzo Trio"},"content":{"rendered":"<p><strong>Calice L. <\/strong>Questa sera alle ore 21:00 presso l&#8217;Oratorio di San Carlo a Calice Ligure si terr\u00e0 il secondo appuntamento della manifestazione &#8220;Gioved\u00ec in Musica&#8221;, organizzat\u00e0 dall&#8217;Associazione Culturale &#8220;Calice Ligure Citt\u00e0 della Musica&#8221; con il patrocino del Comune di Calice Ligure. Il &#8220;Carlo Aonzo Trio&#8221;, proporr\u00e0 un suggestivo spettacolo intitolato &#8220;World Mandolin Music&#8221;.<\/p>\n<p>Un vero e proprio viaggio musicale per ritrovare, in compagnia del mandolino, le radici comuni della musica, dalla tradizione italiana al jazz, dalla musica classica al bluegrass, dall&#8217;Europa all&#8217;America.<\/p>\n<p>Il Trio propone brani del repertorio internazionale, rivisitando pezzi scelti tra gli evergreen europei e d&#8217;oltre oceano, riarrangiati in modo del tutto originale. Il repertorio comprende vari generi musicali, dal bluegrass alle danze popolari, dalle colonne sonore al jazz e la musica brasiliana, dalla melodia italiana alla rivisitazione del repertorio classico.<\/p>\n<p>Il Trio, lo scorso anno, \u00e8 arrivato in finale al concorso indetto da RAI RADIO 2 per l&#8217;iniziativa &#8220;M&#8217;illumino di meno&#8221;, promossa dal programma &#8220;Caterpillar&#8221;, con il brano inedito &#8220;Mandol-inno&#8221;, trasmesso in radio per alcune settimane, durante la campagna per il risparmio energetico.<\/p>\n<p>Gioved\u00ec 2 Luglio sar\u00e0 la volta del mezzosoprano Dorina Caronna e del tenore Giuseppe Ottonello, accompagnati al pianoforte da Franco Giacosa. A chiudere la manifestazione, il 9 luglio, il concerto del coro &#8220;Amici della Musica, Citt\u00e0 di Taggia&#8221;, in una serata dedicata alla memoria di Roberto Brandola, fondatore del coro e molto noto nel Finalese per essere stato dirigente veterinario dell&#8217;Asl di Savona ed insegnante di Aikido.<\/p>\n","protected":false},"excerpt":{"rendered":"<p>Calice L. Questa sera alle ore 21:00 presso l&#8217;Oratorio di San Carlo a Calice Ligure si terr\u00e0 il secondo appuntamento della manifestazione &#8220;Gioved\u00ec in Musica&#8221;, organizzat\u00e0 dall&#8217;Associazione Culturale &#8220;Calice Ligure Citt\u00e0 della Musica&#8221; con il patrocino del Comune di Calice Ligure. Il &#8220;Carlo Aonzo Trio&#8221;, proporr\u00e0 un suggestivo spettacolo intitolato &#8220;World Mandolin Music&#8221;. Un vero [&hellip;]<\/p>\n","protected":false},"author":4,"featured_media":0,"comment_status":"open","ping_status":"closed","sticky":false,"template":"","format":"standard","meta":{"footnotes":""},"categories":[56],"tags":[],"class_list":["post-295624","post","type-post","status-publish","format-standard","hentry","category-altre","post_cat_citta-calice-ligure"],"amp_validity":null,"amp_enabled":true,"_links":{"self":[{"href":"https:\/\/staging.ivg.it\/ediapi\/wp\/v2\/posts\/295624","targetHints":{"allow":["GET"]}}],"collection":[{"href":"https:\/\/staging.ivg.it\/ediapi\/wp\/v2\/posts"}],"about":[{"href":"https:\/\/staging.ivg.it\/ediapi\/wp\/v2\/types\/post"}],"author":[{"embeddable":true,"href":"https:\/\/staging.ivg.it\/ediapi\/wp\/v2\/users\/4"}],"replies":[{"embeddable":true,"href":"https:\/\/staging.ivg.it\/ediapi\/wp\/v2\/comments?post=295624"}],"version-history":[{"count":0,"href":"https:\/\/staging.ivg.it\/ediapi\/wp\/v2\/posts\/295624\/revisions"}],"wp:attachment":[{"href":"https:\/\/staging.ivg.it\/ediapi\/wp\/v2\/media?parent=295624"}],"wp:term":[{"taxonomy":"category","embeddable":true,"href":"https:\/\/staging.ivg.it\/ediapi\/wp\/v2\/categories?post=295624"},{"taxonomy":"post_tag","embeddable":true,"href":"https:\/\/staging.ivg.it\/ediapi\/wp\/v2\/tags?post=295624"}],"curies":[{"name":"wp","href":"https:\/\/api.w.org\/{rel}","templated":true}]}}