{"id":295623,"date":"2015-06-25T11:36:33","date_gmt":"2015-06-25T09:36:33","guid":{"rendered":"http:\/\/www.ivg.it\/?p=295623"},"modified":"2015-06-25T11:36:33","modified_gmt":"2015-06-25T09:36:33","slug":"bus-tpl-da-lunedi-29-giugno-in-vigore-lorario-estivo","status":"publish","type":"post","link":"https:\/\/staging.ivg.it\/2015\/06\/bus-tpl-da-lunedi-29-giugno-in-vigore-lorario-estivo\/","title":{"rendered":"Bus Tpl, da luned\u00ec 29 giugno in vigore l&#8217;orario estivo"},"content":{"rendered":"<p><strong>Savona<\/strong>. Tpl informa la spettabile clientela che luned\u00ec 29 giugno 2015 entreranno in vigore gli orari estivi. Tutti gli orari sono a disposizione sul sito www.tpllinea.it, in home page nella maschera My Cicero on line, in alto a destra.<\/p>\n<p>E&#8217; possibile cliccare sul pulsante \u201cLinee e orari\u201d e scegliere fra tutte quelle proposte la linea di proprio interesse, oppure inserire nei campi partenza e arrivo i nomi delle destinazioni ricercate. In questo modo verranno presentate tutte le soluzioni di viaggio disponibili per il tragitto richiesto.<\/p>\n<p>Aprendo l&#8217;orario di interesse sar\u00e0 anche possibile stamparlo in formato pdf b\/n o a colori. <\/p>\n<p>La linea 40 Savona &#8211; Andora subir\u00e0 le seguenti variazioni:<br \/>\n&#8211; gli autobus da e per Savona effettueranno capolinea a Finalborgo e non raggiungeranno quindi Pietra Ligure; gli autobus da e per Andora effettueranno capolinea a Finalpia e non raggiungeranno quindi Pietra Via Crispi.<\/p>\n<p>Per ulteriori informazioni sui servizi Tpl \u00e8 possibile contattare il numero verde 800 012727 (attivo nei giorni feriali dal luned\u00ec al venerd\u00ec dalle ore 7.15 alle ore 17.30 e il sabato dalle ore 7.15 alle ore 13.00) e il sito internet all\u2019indirizzo www.tpllinea.it.<\/p>\n","protected":false},"excerpt":{"rendered":"<p>Savona. Tpl informa la spettabile clientela che luned\u00ec 29 giugno 2015 entreranno in vigore gli orari estivi. Tutti gli orari sono a disposizione sul sito www.tpllinea.it, in home page nella maschera My Cicero on line, in alto a destra. E&#8217; possibile cliccare sul pulsante \u201cLinee e orari\u201d e scegliere fra tutte quelle proposte la linea [&hellip;]<\/p>\n","protected":false},"author":2394,"featured_media":0,"comment_status":"open","ping_status":"closed","sticky":false,"template":"","format":"standard","meta":{"footnotes":""},"categories":[56],"tags":[71724,15271],"class_list":["post-295623","post","type-post","status-publish","format-standard","hentry","category-altre","tag-orario-estivo-tpl","tag-tpl-linea","post_cat_citta-savona"],"amp_validity":null,"amp_enabled":true,"_links":{"self":[{"href":"https:\/\/staging.ivg.it\/ediapi\/wp\/v2\/posts\/295623","targetHints":{"allow":["GET"]}}],"collection":[{"href":"https:\/\/staging.ivg.it\/ediapi\/wp\/v2\/posts"}],"about":[{"href":"https:\/\/staging.ivg.it\/ediapi\/wp\/v2\/types\/post"}],"author":[{"embeddable":true,"href":"https:\/\/staging.ivg.it\/ediapi\/wp\/v2\/users\/2394"}],"replies":[{"embeddable":true,"href":"https:\/\/staging.ivg.it\/ediapi\/wp\/v2\/comments?post=295623"}],"version-history":[{"count":0,"href":"https:\/\/staging.ivg.it\/ediapi\/wp\/v2\/posts\/295623\/revisions"}],"wp:attachment":[{"href":"https:\/\/staging.ivg.it\/ediapi\/wp\/v2\/media?parent=295623"}],"wp:term":[{"taxonomy":"category","embeddable":true,"href":"https:\/\/staging.ivg.it\/ediapi\/wp\/v2\/categories?post=295623"},{"taxonomy":"post_tag","embeddable":true,"href":"https:\/\/staging.ivg.it\/ediapi\/wp\/v2\/tags?post=295623"}],"curies":[{"name":"wp","href":"https:\/\/api.w.org\/{rel}","templated":true}]}}