{"id":295616,"date":"2015-06-25T10:46:16","date_gmt":"2015-06-25T08:46:16","guid":{"rendered":"http:\/\/www.ivg.it\/?p=295616"},"modified":"2015-06-25T11:04:32","modified_gmt":"2015-06-25T09:04:32","slug":"lutto-per-il-sindaco-di-celle-ligure-si-e-spenta-la-sorella-adriana","status":"publish","type":"post","link":"https:\/\/staging.ivg.it\/2015\/06\/lutto-per-il-sindaco-di-celle-ligure-si-e-spenta-la-sorella-adriana\/","title":{"rendered":"Lutto per il sindaco di Celle Ligure, si \u00e8 spenta la sorella Adriana"},"content":{"rendered":"<p><strong>Celle Ligure.<\/strong>\u00a0Si \u00e8 spenta all&#8217;et\u00e0 di\u00a079 anni Adriana Zunino, sorella del sindaco Renato. A dare la triste notizia lo stesso primo cittadino.<\/p>\n<p>&#8220;Aveva tredici anni pi\u00f9 di me e mi aveva fatto da mamma oltre che sorella &#8211; \u00e8 il ricordo di Zunino &#8211; Gli volevo molto bene e non mi sembra vero che non ci sia pi\u00f9. Adriana mi resterai sempre nel cuore&#8221;.<\/p>\n","protected":false},"excerpt":{"rendered":"<p>Celle Ligure.\u00a0Si \u00e8 spenta all&#8217;et\u00e0 di\u00a079 anni Adriana Zunino, sorella del sindaco Renato. A dare la triste notizia lo stesso primo cittadino. &#8220;Aveva tredici anni pi\u00f9 di me e mi aveva fatto da mamma oltre che sorella &#8211; \u00e8 il ricordo di Zunino &#8211; Gli volevo molto bene e non mi sembra vero che non [&hellip;]<\/p>\n","protected":false},"author":10593,"featured_media":0,"comment_status":"open","ping_status":"closed","sticky":false,"template":"","format":"standard","meta":{"footnotes":""},"categories":[45296,34],"tags":[1220],"class_list":["post-295616","post","type-post","status-publish","format-standard","hentry","category-copertina","category-cronaca","tag-lutto","post_cat_citta-celle-ligure","post_tag_personaggi-renato-zunino"],"amp_validity":null,"amp_enabled":true,"_links":{"self":[{"href":"https:\/\/staging.ivg.it\/ediapi\/wp\/v2\/posts\/295616","targetHints":{"allow":["GET"]}}],"collection":[{"href":"https:\/\/staging.ivg.it\/ediapi\/wp\/v2\/posts"}],"about":[{"href":"https:\/\/staging.ivg.it\/ediapi\/wp\/v2\/types\/post"}],"author":[{"embeddable":true,"href":"https:\/\/staging.ivg.it\/ediapi\/wp\/v2\/users\/10593"}],"replies":[{"embeddable":true,"href":"https:\/\/staging.ivg.it\/ediapi\/wp\/v2\/comments?post=295616"}],"version-history":[{"count":0,"href":"https:\/\/staging.ivg.it\/ediapi\/wp\/v2\/posts\/295616\/revisions"}],"wp:attachment":[{"href":"https:\/\/staging.ivg.it\/ediapi\/wp\/v2\/media?parent=295616"}],"wp:term":[{"taxonomy":"category","embeddable":true,"href":"https:\/\/staging.ivg.it\/ediapi\/wp\/v2\/categories?post=295616"},{"taxonomy":"post_tag","embeddable":true,"href":"https:\/\/staging.ivg.it\/ediapi\/wp\/v2\/tags?post=295616"}],"curies":[{"name":"wp","href":"https:\/\/api.w.org\/{rel}","templated":true}]}}