{"id":295615,"date":"2015-06-25T10:43:18","date_gmt":"2015-06-25T08:43:18","guid":{"rendered":"http:\/\/www.ivg.it\/?p=295615"},"modified":"2015-06-25T10:43:29","modified_gmt":"2015-06-25T08:43:29","slug":"albisola-posticipata-in-autunno-la-distribuzione-annuale-dei-sacchi-per-la-differenziata","status":"publish","type":"post","link":"https:\/\/staging.ivg.it\/2015\/06\/albisola-posticipata-in-autunno-la-distribuzione-annuale-dei-sacchi-per-la-differenziata\/","title":{"rendered":"Albisola, posticipata in autunno la distribuzione annuale dei sacchi per la differenziata"},"content":{"rendered":"<p><strong>Albisola S.<\/strong> E\u2019 stata posticipata in autunno la distribuzione annuale dei sacchi per la raccolta \u201cPorta a porta\u201d ad Albisola Superiore. <\/p>\n<p>Coloro i quali dovessero terminare la fornitura potranno recarsi presso il centro di raccolta comunale di via Della Rovere per ritirare una dotazione minima che consentir\u00e0 di continuare ad esporre correttamente i rifiuti sino alla prossima distribuzione prevista per il mese di ottobre.<\/p>\n<p>A fine estate l\u2019amministrazione comunale invier\u00e0 ai cittadini una comunicazione relativa alle prossime modalit\u00e0 di consegna dei sacchi e sulle novit\u00e0 del servizio rifiuti.<\/p>\n<p>Per qualsiasi informazione o necessit\u00e0 \u00e8 possibile contattare il numero verde messo a disposizione dal gestore: 800 827022. Sino al 15 settembre 2015 sar\u00e0 in vigore il calendario estivo per l\u2019esposizione dei rifiuti secondo le consuete modalit\u00e0: luned\u00ec esposizione della carta; marted\u00ec e mercoled\u00ec rifiuti indifferenziati; gioved\u00ec plastica; venerd\u00ec, sabato e domenica rifiuti indifferenziati. Rispetto a quando previsto dal calendario invernale \u00e8 perci\u00f2 possibile esporre i rifiuti indifferenziati (sacco verde) anche il mercoled\u00ec ed il sabato.<\/p>\n<p>Nella zona a sud di corso Ferrari (compresi i numeri pari del corso stesso) e nella frazione di Ellera, i sacchi dovranno essere esposti al mattino, dalle 6.30 alle 9.30. Nel resto del territorio comunale orario serale di esposizione dalle 19.30 alle 23.30.<\/p>\n","protected":false},"excerpt":{"rendered":"<p>Albisola S. E\u2019 stata posticipata in autunno la distribuzione annuale dei sacchi per la raccolta \u201cPorta a porta\u201d ad Albisola Superiore. Coloro i quali dovessero terminare la fornitura potranno recarsi presso il centro di raccolta comunale di via Della Rovere per ritirare una dotazione minima che consentir\u00e0 di continuare ad esporre correttamente i rifiuti sino [&hellip;]<\/p>\n","protected":false},"author":2394,"featured_media":0,"comment_status":"open","ping_status":"closed","sticky":false,"template":"","format":"standard","meta":{"footnotes":""},"categories":[56],"tags":[2219],"class_list":["post-295615","post","type-post","status-publish","format-standard","hentry","category-altre","tag-raccolta-differenziata","post_cat_citta-albisola-superiore"],"amp_validity":null,"amp_enabled":true,"_links":{"self":[{"href":"https:\/\/staging.ivg.it\/ediapi\/wp\/v2\/posts\/295615","targetHints":{"allow":["GET"]}}],"collection":[{"href":"https:\/\/staging.ivg.it\/ediapi\/wp\/v2\/posts"}],"about":[{"href":"https:\/\/staging.ivg.it\/ediapi\/wp\/v2\/types\/post"}],"author":[{"embeddable":true,"href":"https:\/\/staging.ivg.it\/ediapi\/wp\/v2\/users\/2394"}],"replies":[{"embeddable":true,"href":"https:\/\/staging.ivg.it\/ediapi\/wp\/v2\/comments?post=295615"}],"version-history":[{"count":0,"href":"https:\/\/staging.ivg.it\/ediapi\/wp\/v2\/posts\/295615\/revisions"}],"wp:attachment":[{"href":"https:\/\/staging.ivg.it\/ediapi\/wp\/v2\/media?parent=295615"}],"wp:term":[{"taxonomy":"category","embeddable":true,"href":"https:\/\/staging.ivg.it\/ediapi\/wp\/v2\/categories?post=295615"},{"taxonomy":"post_tag","embeddable":true,"href":"https:\/\/staging.ivg.it\/ediapi\/wp\/v2\/tags?post=295615"}],"curies":[{"name":"wp","href":"https:\/\/api.w.org\/{rel}","templated":true}]}}