{"id":29537,"date":"2008-07-15T16:19:11","date_gmt":"2008-07-15T14:19:11","guid":{"rendered":"http:\/\/www.ivg.it\/?p=29537"},"modified":"2008-07-15T16:27:14","modified_gmt":"2008-07-15T14:27:14","slug":"priamar-dautore-in-mostra-a-savona-lo-scimmione-di-bratta","status":"publish","type":"post","link":"https:\/\/staging.ivg.it\/2008\/07\/priamar-dautore-in-mostra-a-savona-lo-scimmione-di-bratta\/","title":{"rendered":"Priamar d&#8217;Autore: in mostra a Savona lo &#8220;Scimmione&#8221; di Bratta"},"content":{"rendered":"<p><strong>Savona.<\/strong> Venerd\u00ec 18 luglio, alle ore 18, si inaugurer\u00e0 &#8220;Priamar d&#8217;Autore&#8221;, grande evento d&#8217;arte a cura del Circolo degli Artisti, della Fondazione 100Fiori e del Comune di Savona &#8211; Assessorato alla Cultura. La fortezza si riempir\u00e0 d&#8217;arte con installazioni e mostre. Intanto da oggi \u00e8 possibile ammirare un &#8220;prologo&#8221; dell&#8217;evento, grazie all&#8217;installazione del grande &#8220;Scimmione&#8221; di Franco Bratta, uno dei pi\u00f9 importanti scultori albisolesi.<\/p>\n<p>La statua in bronzo \u00e8 stata collocata nel prato antistante la Fortezza del Priamar, a lato della rampa di accesso, non distante dall&#8217;albero di Mario Rossello gi\u00e0 presente da alcuni mesi. Questo angolo scenografico della citt\u00e0 diventa sempre pi\u00f9 luogo perfetto per installazioni d&#8217;arte, attraverso una metodologia inaugurata l&#8217;anno scorso con la celebre &#8220;Rosa del Deserto&#8221; di Arnaldo Pomodoro. L&#8217;assessore alla Cultura Ferdinando Molteni afferma: &#8220;La citt\u00e0 dimostra di avere splendidi spazi all&#8217;aperto per l&#8217;arte contemporanea: queste splendide opere d&#8217;arte arricchiscono un luogo gi\u00e0 carico di suggestioni come quello della fortezza del Priamar&#8221;.<\/p>\n<p>Ricordiamo che Franco Bratta \u00e8 celebre per le sue raffigurazioni di animali, in bronzo o in ceramica, particolarmente vivide e di una freschezza senza eguali, e particolarmente apprezzate da gallerie e collezionisti d&#8217;arte in tutta Europa. E da subito, la scultura ha conquistato adulti e bambini che hanno iniziato gi\u00e0 da oggi a fotografarlo con interesse e simpatia.<\/p>\n<p>[image:8389:c:s=1]<\/p>\n","protected":false},"excerpt":{"rendered":"<p>Savona. Venerd\u00ec 18 luglio, alle ore 18, si inaugurer\u00e0 &#8220;Priamar d&#8217;Autore&#8221;, grande evento d&#8217;arte a cura del Circolo degli Artisti, della Fondazione 100Fiori e del Comune di Savona &#8211; Assessorato alla Cultura. La fortezza si riempir\u00e0 d&#8217;arte con installazioni e mostre. Intanto da oggi \u00e8 possibile ammirare un &#8220;prologo&#8221; dell&#8217;evento, grazie all&#8217;installazione del grande &#8220;Scimmione&#8221; [&hellip;]<\/p>\n","protected":false},"author":5,"featured_media":0,"comment_status":"open","ping_status":"closed","sticky":false,"template":"","format":"standard","meta":{"footnotes":""},"categories":[],"tags":[],"class_list":["post-29537","post","type-post","status-publish","format-standard","hentry","post_cat_citta-andora"],"amp_validity":null,"amp_enabled":true,"_links":{"self":[{"href":"https:\/\/staging.ivg.it\/ediapi\/wp\/v2\/posts\/29537","targetHints":{"allow":["GET"]}}],"collection":[{"href":"https:\/\/staging.ivg.it\/ediapi\/wp\/v2\/posts"}],"about":[{"href":"https:\/\/staging.ivg.it\/ediapi\/wp\/v2\/types\/post"}],"author":[{"embeddable":true,"href":"https:\/\/staging.ivg.it\/ediapi\/wp\/v2\/users\/5"}],"replies":[{"embeddable":true,"href":"https:\/\/staging.ivg.it\/ediapi\/wp\/v2\/comments?post=29537"}],"version-history":[{"count":0,"href":"https:\/\/staging.ivg.it\/ediapi\/wp\/v2\/posts\/29537\/revisions"}],"wp:attachment":[{"href":"https:\/\/staging.ivg.it\/ediapi\/wp\/v2\/media?parent=29537"}],"wp:term":[{"taxonomy":"category","embeddable":true,"href":"https:\/\/staging.ivg.it\/ediapi\/wp\/v2\/categories?post=29537"},{"taxonomy":"post_tag","embeddable":true,"href":"https:\/\/staging.ivg.it\/ediapi\/wp\/v2\/tags?post=29537"}],"curies":[{"name":"wp","href":"https:\/\/api.w.org\/{rel}","templated":true}]}}