{"id":295337,"date":"2015-06-22T11:41:07","date_gmt":"2015-06-22T09:41:07","guid":{"rendered":"http:\/\/www.ivg.it\/?p=295337"},"modified":"2015-06-22T11:56:52","modified_gmt":"2015-06-22T09:56:52","slug":"expodrone-il-prof-vercelli-ricerca-dei-dispersi-e-monitoraggio-ambientale-durante-calamita","status":"publish","type":"post","link":"https:\/\/staging.ivg.it\/2015\/06\/expodrone-il-prof-vercelli-ricerca-dei-dispersi-e-monitoraggio-ambientale-durante-calamita\/","title":{"rendered":"Expodrone, il prof. Vercelli: &#8220;Ricerca dei dispersi e monitoraggio ambientale durante calamit\u00e0&#8221;"},"content":{"rendered":"<p><strong>Villanova d&#8217;Albenga.<\/strong> &#8220;Un conto \u00e8 occuparsi di aeromodellismo, un altro \u00e8 occuparsi di sistemi a pilotaggio remoto, meglio conosciuti come droni, per uso civile&#8221;.\u00a0Parola del Prof. Gianni Vercelli dell&#8217;Universit\u00e0 di Genova, DIBRIS &#8211; Dipartimento Informatica, Bioingegneria, Robotica, Ingegneria, Ingegneria dei Sistemi, tra i responsabili del corso che ha coinvolto gli ordini professionali in vista di Expodrone, due giorni di evento dedicati al mondo dei droni, con un&#8217;area espositiva, workshop, seminari creditizzati e prove di volo, che si svolgeranno all&#8217;Aeroporto &#8220;Clemente Panero&#8221; di Villanova d&#8217;Albenga venerd\u00ec 26 e sabato 27 giugno, a cura di AeroClub di Savona e della Riviera Ligure, AVA Spa, Mway Communication &amp; Events, con la partecipazione della Camera di Commercio di Savona.<\/p>\n<p>&#8220;L&#8217;Universit\u00e0 di Genova sta effettuando un percorso, assieme all&#8217;Aeroporto di Villanova d&#8217;Albenga e all&#8217;Ordine degli Ingegneri della Provincia di Savona, per presentare agli ordini professionali la tecnologia emergente dei droni. Il corso serve agli operatori professionisti per sapere che cosa devono conoscere, come devono approcciare questo mondo, dal punto di vista professionale: Expodrone sar\u00e0 l&#8217;occasione per presentare tutti i vari campi di applicazione e i progetti sperimentali che sono in corso&#8221;, prosegue.<\/p>\n<p>In particolare, nella prima edizione di Expodrone, in programma venerd\u00ec 26 e sabato 27 giugno all&#8217;Aeroporto Clemente Panero di Villanova d&#8217;Albenga, trover\u00e0 spazio uno specifico progetto, di cui il Prof. Vercelli \u00e8 responsabile, relativo a un problema di grande attualit\u00e0: quello della ricerca dei dispersi.\u00a0&#8220;\u00c8 un progetto di protezione civile che mi vede coinvolto in prima persona, che stiamo portando avanti assieme al Dipartimento della Protezione Civile dell&#8217;Associazione Nazionale Alpini, ed \u00e8 dedicato al problema, molto rilevante, della ricerca dei dispersi e del monitoraggio ambientale durante eventi calamitosi che, purtroppo, nel nostro territorio sono molto soventi. Non solo in Liguria, ma anche Piemonte, Lombardia, Val d&#8217;Aosta e tutto il Nord Ovest, con la prospettiva e l&#8217;ambizione di rivolgersi all&#8217;intera Italia. Sar\u00e0 una bella sfida, che stiamo portando avanti, e che presenteremo nel corso di Expodrone&#8221; conclude il Prof. Gianni Vercelli del DIBRIS.<\/p>\n","protected":false},"excerpt":{"rendered":"<p>Ecco i campi di applicazione dei droni, se ne parler\u00e0 a Villanova d&#8217;Albenga nel prossimo weekend<\/p>\n","protected":false},"author":4,"featured_media":0,"comment_status":"open","ping_status":"closed","sticky":false,"template":"","format":"standard","meta":{"footnotes":""},"categories":[45296,35],"tags":[67997,65252,71104],"class_list":["post-295337","post","type-post","status-publish","format-standard","hentry","category-copertina","category-economia","tag-drone","tag-droni","tag-expodrone","post_cat_citta-villanova-dalbenga"],"amp_validity":null,"amp_enabled":true,"_links":{"self":[{"href":"https:\/\/staging.ivg.it\/ediapi\/wp\/v2\/posts\/295337","targetHints":{"allow":["GET"]}}],"collection":[{"href":"https:\/\/staging.ivg.it\/ediapi\/wp\/v2\/posts"}],"about":[{"href":"https:\/\/staging.ivg.it\/ediapi\/wp\/v2\/types\/post"}],"author":[{"embeddable":true,"href":"https:\/\/staging.ivg.it\/ediapi\/wp\/v2\/users\/4"}],"replies":[{"embeddable":true,"href":"https:\/\/staging.ivg.it\/ediapi\/wp\/v2\/comments?post=295337"}],"version-history":[{"count":0,"href":"https:\/\/staging.ivg.it\/ediapi\/wp\/v2\/posts\/295337\/revisions"}],"wp:attachment":[{"href":"https:\/\/staging.ivg.it\/ediapi\/wp\/v2\/media?parent=295337"}],"wp:term":[{"taxonomy":"category","embeddable":true,"href":"https:\/\/staging.ivg.it\/ediapi\/wp\/v2\/categories?post=295337"},{"taxonomy":"post_tag","embeddable":true,"href":"https:\/\/staging.ivg.it\/ediapi\/wp\/v2\/tags?post=295337"}],"curies":[{"name":"wp","href":"https:\/\/api.w.org\/{rel}","templated":true}]}}