{"id":295155,"date":"2015-06-19T16:41:31","date_gmt":"2015-06-19T14:41:31","guid":{"rendered":"http:\/\/www.ivg.it\/?p=295155"},"modified":"2015-06-19T16:51:56","modified_gmt":"2015-06-19T14:51:56","slug":"lega-nord-dal-savonese-e-dalla-liguria-pullman-per-il-raduno-a-pontida","status":"publish","type":"post","link":"https:\/\/staging.ivg.it\/2015\/06\/lega-nord-dal-savonese-e-dalla-liguria-pullman-per-il-raduno-a-pontida\/","title":{"rendered":"Lega Nord, dal savonese e dalla Liguria pullman per il raduno a Pontida"},"content":{"rendered":"<p><strong>Liguria.<\/strong> &#8220;Domenica a Pontida la Liguria far\u00e0 sentire forte la propria presenza: abbiamo pullman in partenza da tutte le province liguri, oltre ai tantissimi simpatizzanti  e militanti che raggiungeranno il &#8220;pratone&#8221; in auto. Sar\u00e0 una grande festa: insieme al nostro segretario federale Matteo Salvini festeggeremo i recenti successi elettorali e il nostro popolo mander\u00e0 un forte segnale di sfratto al governo Renzi&#8221;. Cos\u00ec dichiara Sonia Viale, segretario regionale della Lega Nord Liguria, due giorni dal tradizionale appuntamento di Pontida organizzato dalla Lega Nord.<\/p>\n<p>&#8220;La manifestazione di quest&#8217;anno \u2013 dice Viale \u2013 si preannuncia un evento ancora pi\u00f9 sentito perch\u00e9 sappiamo che da Pontida pu\u00f2 partire un&#8217;onda di entusiasmo e di speranza per il futuro del nostro Paese. Lo slogan scelto quest&#8217;anno dal nostro segretario federale Salvini non \u00e8 di certo casuale: &#8220;Siamo qui per vincere&#8221;.<\/p>\n<p>&#8220;In Liguria alle ultime Regionali abbiamo dimostrato di saper vincere con un risultato da record: la gente &#8220;normale&#8221;, l&#8217;artigiano e il piccolo commerciante ci hanno dato grande fiducia e dimostreremo stando al governo della Regione di saper dare con seriet\u00e0 e concretezza quel cambiamento a far ripartire la nostra bellissima Liguria&#8221;.<\/p>\n","protected":false},"excerpt":{"rendered":"<p>Liguria. &#8220;Domenica a Pontida la Liguria far\u00e0 sentire forte la propria presenza: abbiamo pullman in partenza da tutte le province liguri, oltre ai tantissimi simpatizzanti e militanti che raggiungeranno il &#8220;pratone&#8221; in auto. Sar\u00e0 una grande festa: insieme al nostro segretario federale Matteo Salvini festeggeremo i recenti successi elettorali e il nostro popolo mander\u00e0 un [&hellip;]<\/p>\n","protected":false},"author":4,"featured_media":0,"comment_status":"open","ping_status":"closed","sticky":false,"template":"","format":"standard","meta":{"footnotes":""},"categories":[31],"tags":[630],"class_list":["post-295155","post","type-post","status-publish","format-standard","hentry","category-politica","tag-lega-nord","post_cat_citta-andora","post_cat_citta-provincia","post_tag_personaggi-sonia-viale"],"amp_validity":null,"amp_enabled":true,"_links":{"self":[{"href":"https:\/\/staging.ivg.it\/ediapi\/wp\/v2\/posts\/295155","targetHints":{"allow":["GET"]}}],"collection":[{"href":"https:\/\/staging.ivg.it\/ediapi\/wp\/v2\/posts"}],"about":[{"href":"https:\/\/staging.ivg.it\/ediapi\/wp\/v2\/types\/post"}],"author":[{"embeddable":true,"href":"https:\/\/staging.ivg.it\/ediapi\/wp\/v2\/users\/4"}],"replies":[{"embeddable":true,"href":"https:\/\/staging.ivg.it\/ediapi\/wp\/v2\/comments?post=295155"}],"version-history":[{"count":0,"href":"https:\/\/staging.ivg.it\/ediapi\/wp\/v2\/posts\/295155\/revisions"}],"wp:attachment":[{"href":"https:\/\/staging.ivg.it\/ediapi\/wp\/v2\/media?parent=295155"}],"wp:term":[{"taxonomy":"category","embeddable":true,"href":"https:\/\/staging.ivg.it\/ediapi\/wp\/v2\/categories?post=295155"},{"taxonomy":"post_tag","embeddable":true,"href":"https:\/\/staging.ivg.it\/ediapi\/wp\/v2\/tags?post=295155"}],"curies":[{"name":"wp","href":"https:\/\/api.w.org\/{rel}","templated":true}]}}