{"id":294399,"date":"2015-06-09T12:51:53","date_gmt":"2015-06-09T10:51:53","guid":{"rendered":"http:\/\/www.ivg.it\/?p=294399"},"modified":"2015-06-09T13:08:44","modified_gmt":"2015-06-09T11:08:44","slug":"alassio-affitti-aperto-bando-per-contributi-pubblici","status":"publish","type":"post","link":"https:\/\/staging.ivg.it\/2015\/06\/alassio-affitti-aperto-bando-per-contributi-pubblici\/","title":{"rendered":"Alassio, affitti: aperto bando per contributi pubblici"},"content":{"rendered":"<p>Il<strong> Comune di Alassio<\/strong> \u2013 Assessorato alle Politiche Sociali &#8211; ha indetto un bando di concorso per l&#8217;assegnazione di contributi pubblici a conduttori di alloggi in locazione, che stabilisce i requisiti soggettivi dei conduttori di alloggi e disciplina le procedure e le modalit\u00e0 per l\u2019erogazione dei contributi per il sostegno all&#8217;accesso alle abitazioni in locazione.<\/p>\n<p>Il bando scade il 10 luglio 2015. Possono beneficiare dei contributi i conduttori di alloggi in locazione, titolari di un contratto registrato e non stipulato tra parenti o affini entro il 2\u00b0 grado. Tra i requisiti richiesti per poter beneficiare dei contributi: cittadinanza italiana o di uno Stato aderente all&#8217;Unione Europea (o da almeno 10 anni sul territorio italiano, o 5 nella Regione Liguria), residenza anagrafica nel Comune cui si riferisce il bando, titolarit\u00e0 di un contratto di locazione relativo a una unit\u00e0 immobiliare a uso abitativo primario con superficie superiore ai 110 mq (120 per nuclei famigliari con pi\u00f9 di cinque componenti), valore dell&#8217;ISEE del nucleo familiari non superiore a \u20ac 15.000,00. Il contributo teorico erogabile \u00e8 pari al 40% del canone di locazione annuale, rapportato al numero di mesi sostenuti, arrotondato all&#8217;unit\u00e0 superiore. Il contributo teorico minimo ammissibile \u00e8 pari a \u20ac 500,00. Il contributo teorico massimo riconoscibile \u00e8 pari a \u20ac 2.400,00.<\/p>\n<p>&#8220;Nonostante i cospicui tagli al bilancio e le limitate risorse disponibili, l&#8217;Amministrazione Comunale ha scelto di operare uno sforzo importante, finalizzato ad aiutare le famiglie sempre pi\u00f9 in difficolt\u00e0 a pagare il canone di locazione dell&#8217;abitazione in cui vivono&#8221;, dichiara Monica Zioni, Vice Sindaco di Alassio con delega alle Politiche Sociali.<\/p>\n<p>I contenuti del bando di concorso sono a disposizione sul sito Internet del Comune di Alassio. Le domande di assegnazione del contributo, da redigersi in carta semplice sugli appositi modelli, dovranno essere ritirate e consegnate presso lo sportello istituito presso la nuova sede del Servizio Politiche Sociali (in P.zza Paccini, 28). L&#8217;orario per il ritiro dei moduli da compilare \u00e8 il seguente: dal luned\u00ec al venerd\u00ec dalle ore 9.30 alle ore 12.30 e marted\u00ec e gioved\u00ec dalle 15.30 alle 16.30. L&#8217;orario per la consegna delle domande compilate (o per avere assistenza nella compilazione) \u00e8 il seguente: il  marted\u00ec ed il mercoled\u00ec dalle 9.30 alle 12.30 e il gioved\u00ec dalle 16.00 alle 17.00.<\/p>\n","protected":false},"excerpt":{"rendered":"<p>Il Comune di Alassio \u2013 Assessorato alle Politiche Sociali &#8211; ha indetto un bando di concorso per l&#8217;assegnazione di contributi pubblici a conduttori di alloggi in locazione, che stabilisce i requisiti soggettivi dei conduttori di alloggi e disciplina le procedure e le modalit\u00e0 per l\u2019erogazione dei contributi per il sostegno all&#8217;accesso alle abitazioni in locazione. [&hellip;]<\/p>\n","protected":false},"author":4,"featured_media":0,"comment_status":"open","ping_status":"closed","sticky":false,"template":"","format":"standard","meta":{"footnotes":""},"categories":[45296],"tags":[2716],"class_list":["post-294399","post","type-post","status-publish","format-standard","hentry","category-copertina","tag-affitti","post_cat_citta-alassio","post_tag_personaggi-monica-zioni"],"amp_validity":null,"amp_enabled":true,"_links":{"self":[{"href":"https:\/\/staging.ivg.it\/ediapi\/wp\/v2\/posts\/294399","targetHints":{"allow":["GET"]}}],"collection":[{"href":"https:\/\/staging.ivg.it\/ediapi\/wp\/v2\/posts"}],"about":[{"href":"https:\/\/staging.ivg.it\/ediapi\/wp\/v2\/types\/post"}],"author":[{"embeddable":true,"href":"https:\/\/staging.ivg.it\/ediapi\/wp\/v2\/users\/4"}],"replies":[{"embeddable":true,"href":"https:\/\/staging.ivg.it\/ediapi\/wp\/v2\/comments?post=294399"}],"version-history":[{"count":0,"href":"https:\/\/staging.ivg.it\/ediapi\/wp\/v2\/posts\/294399\/revisions"}],"wp:attachment":[{"href":"https:\/\/staging.ivg.it\/ediapi\/wp\/v2\/media?parent=294399"}],"wp:term":[{"taxonomy":"category","embeddable":true,"href":"https:\/\/staging.ivg.it\/ediapi\/wp\/v2\/categories?post=294399"},{"taxonomy":"post_tag","embeddable":true,"href":"https:\/\/staging.ivg.it\/ediapi\/wp\/v2\/tags?post=294399"}],"curies":[{"name":"wp","href":"https:\/\/api.w.org\/{rel}","templated":true}]}}