{"id":294361,"date":"2015-06-08T18:48:43","date_gmt":"2015-06-08T16:48:43","guid":{"rendered":"http:\/\/www.ivg.it\/?p=294361"},"modified":"2015-06-08T19:11:17","modified_gmt":"2015-06-08T17:11:17","slug":"profughi-toti-bloccheremo-gli-accordi-presi-dalla-paita-e-dal-pd","status":"publish","type":"post","link":"https:\/\/staging.ivg.it\/2015\/06\/profughi-toti-bloccheremo-gli-accordi-presi-dalla-paita-e-dal-pd\/","title":{"rendered":"Profughi, Toti: &#8220;Bloccheremo gli accordi presi dalla Paita e dal Pd&#8221;"},"content":{"rendered":"<p><strong>Liguria.<\/strong> &#8220;I clandestini arrivano in Liguria per gli accordi presi dall&#8217;amministrazione uscente di cui l&#8217;assessore Paita era una delle punte di diamante, visto che, per le sue note capacit\u00e0 di buona gestione delle alluvioni, dall&#8217;assessorato alla protezione civile \u00e8 stata promossa dal suo partito candidato presidente. Una scelta che ai liguri non \u00e8 piaciuta\u201d. Lo scrive sul suo profilo Facebook Giovanni Toti, che risponde alle accuse della Paita sull\u2019emergenza profughi e sugli arrivi in Liguria. <\/p>\n<p>\u201cOra Paita gioisce per l&#8217;arrivo di nuovi clandestini, frutto degli sciagurati accordi presi dalla sua amministrazione, che prevedevano addirittura l&#8217;utilizzo di strutture regionali per ospitarli. Pur non essendo ancora ufficialmente in carica (i mali della burocrazia italiana sono infiniti) ho chiesto all&#8217;amministrazione regionale di non dare corso a quegli accordi\u201d.<\/p>\n<p>\u201cNon appena, bont\u00e0 sua, la Corte di Appello di Genova decider\u00e0 che \u00e8 giunta l&#8217;ora di proclamare i nuovi eletti, faremo tutto quanto in nostro potere per invertire la sciagurata politica portata avanti, anche in questi ultimi mesi, dal Pd e dal suo candidato Paita sui clandestini&#8221; conclude il governatore ligure Giovanni Toti.<\/p>\n","protected":false},"excerpt":{"rendered":"<p>Emergenza in Liguria, non si \u00e8 fatta attendere la replica del governatore alle parole di Raffaella Paita<\/p>\n","protected":false},"author":4,"featured_media":0,"comment_status":"open","ping_status":"closed","sticky":false,"template":"","format":"standard","meta":{"footnotes":""},"categories":[45296,31],"tags":[31945,31028],"class_list":["post-294361","post","type-post","status-publish","format-standard","hentry","category-copertina","category-politica","tag-emergenza-profughi","tag-profughi","post_cat_citta-andora","post_cat_citta-provincia","post_tag_personaggi-giovanni-toti"],"amp_validity":null,"amp_enabled":true,"_links":{"self":[{"href":"https:\/\/staging.ivg.it\/ediapi\/wp\/v2\/posts\/294361","targetHints":{"allow":["GET"]}}],"collection":[{"href":"https:\/\/staging.ivg.it\/ediapi\/wp\/v2\/posts"}],"about":[{"href":"https:\/\/staging.ivg.it\/ediapi\/wp\/v2\/types\/post"}],"author":[{"embeddable":true,"href":"https:\/\/staging.ivg.it\/ediapi\/wp\/v2\/users\/4"}],"replies":[{"embeddable":true,"href":"https:\/\/staging.ivg.it\/ediapi\/wp\/v2\/comments?post=294361"}],"version-history":[{"count":0,"href":"https:\/\/staging.ivg.it\/ediapi\/wp\/v2\/posts\/294361\/revisions"}],"wp:attachment":[{"href":"https:\/\/staging.ivg.it\/ediapi\/wp\/v2\/media?parent=294361"}],"wp:term":[{"taxonomy":"category","embeddable":true,"href":"https:\/\/staging.ivg.it\/ediapi\/wp\/v2\/categories?post=294361"},{"taxonomy":"post_tag","embeddable":true,"href":"https:\/\/staging.ivg.it\/ediapi\/wp\/v2\/tags?post=294361"}],"curies":[{"name":"wp","href":"https:\/\/api.w.org\/{rel}","templated":true}]}}