{"id":294230,"date":"2015-06-06T09:49:47","date_gmt":"2015-06-06T07:49:47","guid":{"rendered":"http:\/\/www.ivg.it\/?p=294230"},"modified":"2015-06-06T09:49:47","modified_gmt":"2015-06-06T07:49:47","slug":"giornate-ecologiche-a-tovo-san-giacomo-raccolti-oltre-80-mc-di-rifiuti","status":"publish","type":"post","link":"https:\/\/staging.ivg.it\/2015\/06\/giornate-ecologiche-a-tovo-san-giacomo-raccolti-oltre-80-mc-di-rifiuti\/","title":{"rendered":"Giornate Ecologiche, a Tovo San Giacomo raccolti oltre 80 mc di rifiuti"},"content":{"rendered":"<p><strong>Tovo San Giacomo.<\/strong> Il 10 e 24 maggio scorso si sono svolte nel territorio del comune di Tovo San Giacomo 2 giornate ecologiche dedicate alla pulizia dei boschi a cui hanno partecipato decine di volontari chiamati a raccolta dalla Pro Loco, dall&#8217;AIB e dalle Associazioni di Cacciatori della Val Maremola in particolare quella di Magliolo.<\/p>\n<p>Durante queste due domeniche di attivit\u00e0 di volontariato per la comunit\u00e0 sono stati raccolti oltre 80 mc di rifiuti &#8211; successivamente smaltiti &#8211; che le squadre hanno trovato in prossimit\u00e0 di sentieri e nei boschi che circondano Tovo. Le attivit\u00e0 di pulizia hanno interessato diverse aree della valle e in particolare le zone lungo il Bottassano, a monte della Strada Provinciale del Melogno, l&#8217;area di Sant&#8217;Eligio e la zona di via Uliveto.<\/p>\n<p>&#8220;L\u2019esito positivo di queste due giornate &#8211; dichiara Luciano Cesio, delegato all&#8217;Ambiente del Comune di Tovo San Giacomo &#8211; ha dimostrato l\u2019alto senso civico dei partecipanti che con il loro contributo hanno segnato un altro importante passo verso il miglioramento del nostro ambiente. L&#8217;auspicio \u00e8 quello di diffondere sempre pi\u00f9 nella popolazione una coscienza ecologica rivolta alla tutela e alla valorizzazione del nostro territorio che \u00e8 la nostra pi\u00f9 importante risorsa. Anche per questo &#8211; conclude Cesio &#8211; vorremmo organizzare altre giornate simili a quelle di maggio con la speranza che sempre pi\u00f9 cittadini rispondano a questi appelli&#8221;.<\/p>\n","protected":false},"excerpt":{"rendered":"<p>Tovo San Giacomo. Il 10 e 24 maggio scorso si sono svolte nel territorio del comune di Tovo San Giacomo 2 giornate ecologiche dedicate alla pulizia dei boschi a cui hanno partecipato decine di volontari chiamati a raccolta dalla Pro Loco, dall&#8217;AIB e dalle Associazioni di Cacciatori della Val Maremola in particolare quella di Magliolo. [&hellip;]<\/p>\n","protected":false},"author":10593,"featured_media":0,"comment_status":"open","ping_status":"closed","sticky":false,"template":"","format":"standard","meta":{"footnotes":""},"categories":[45296,56],"tags":[69143],"class_list":["post-294230","post","type-post","status-publish","format-standard","hentry","category-copertina","category-altre","tag-giornate-ecologiche","post_cat_citta-tovo-san-giacomo","post_tag_personaggi-luciano-cesio"],"amp_validity":null,"amp_enabled":true,"_links":{"self":[{"href":"https:\/\/staging.ivg.it\/ediapi\/wp\/v2\/posts\/294230","targetHints":{"allow":["GET"]}}],"collection":[{"href":"https:\/\/staging.ivg.it\/ediapi\/wp\/v2\/posts"}],"about":[{"href":"https:\/\/staging.ivg.it\/ediapi\/wp\/v2\/types\/post"}],"author":[{"embeddable":true,"href":"https:\/\/staging.ivg.it\/ediapi\/wp\/v2\/users\/10593"}],"replies":[{"embeddable":true,"href":"https:\/\/staging.ivg.it\/ediapi\/wp\/v2\/comments?post=294230"}],"version-history":[{"count":0,"href":"https:\/\/staging.ivg.it\/ediapi\/wp\/v2\/posts\/294230\/revisions"}],"wp:attachment":[{"href":"https:\/\/staging.ivg.it\/ediapi\/wp\/v2\/media?parent=294230"}],"wp:term":[{"taxonomy":"category","embeddable":true,"href":"https:\/\/staging.ivg.it\/ediapi\/wp\/v2\/categories?post=294230"},{"taxonomy":"post_tag","embeddable":true,"href":"https:\/\/staging.ivg.it\/ediapi\/wp\/v2\/tags?post=294230"}],"curies":[{"name":"wp","href":"https:\/\/api.w.org\/{rel}","templated":true}]}}