{"id":293827,"date":"2015-06-01T10:20:56","date_gmt":"2015-06-01T08:20:56","guid":{"rendered":"http:\/\/www.ivg.it\/?p=293827"},"modified":"2015-06-01T19:18:17","modified_gmt":"2015-06-01T17:18:17","slug":"regionali-vincitori-e-vinti-le-reazioni-dal-savonese","status":"publish","type":"post","link":"https:\/\/staging.ivg.it\/2015\/06\/regionali-vincitori-e-vinti-le-reazioni-dal-savonese\/","title":{"rendered":"Regionali, vincitori e vinti: le reazioni dal savonese"},"content":{"rendered":"<p><strong>Provincia.<\/strong> Toti nuovo presidente della Regione, Paita silurata, exploit del MoVimento 5 Stelle, Lega oltre il 20%, Pd primo partito a Savona ma sonoramente sconfitto ad Albenga. Sono tanti i temi che emergono dal risultato di queste elezioni regionali, e sono tante le voci che si levano dalla politica savonese, che siano di vincitori e vinti, che inneggino al successo o si interroghino sulle cause di una debacle inaspettata.<\/p>\n<p>E se il Pd si conferma il primo partito nel savonese (anche se con un calo di preferenze), \u00e8 gi\u00e0 resa dei conti per la pesante sconfitta elettorale di Raffaella Paita e del partito Democratico in queste elezioni regionali. Per le ore 14 e 30 \u00e8 stata convocata una segreteria politica, con al centro l\u2019analisi del voto e delle preferenze di una tornata elettorale che ha lasciato l\u2019amaro in bocca a tutto il Pd.<\/p>\n<p>Per ora, poche parole da parte del<strong> segretario provinciale Fulvio Briano<\/strong>: \u201cE\u2019 stata una <strong>sconfitta per tutti, amara e inaspettata<\/strong>. E \u2018chiaro che si dovr\u00e0 aprire una fase di riflessione, aperta e sincera, senza cadere nella bagarre delle accuse e dei casi politici. Valuteremo con serenit\u00e0 il risultato e vedremo anche cosa si decider\u00e0 a livello di segretaria regionale\u201d. \u201cUna sconfitta di queste dimensioni \u00e8 stata certamente inaspettata.<\/p>\n<p>Certamente la proposta di governo del Pd, l\u2019unica a mio avviso credibile, non ha convinto i cittadini e occorre <strong>riflettere sulle motivazioni che hanno portato a questa sconfitta, senza cercare scuse o alibi<\/strong>\u201d afferma l&#8217;assessore comunale di Savona <strong>Luca Martino<\/strong>, che non nasconde la delusione per il risultato delle elezioni regionali. Quanto alle preferenze dei candidati consiglieri del Pd: \u201cRispetto a De Vincenzi e Righello, Lorena Rambaudi era, nel bene e nel mare, identificata con l\u2019amministrazione regionale uscente e considerato che la proposta di governo per la Regione del Pd non \u00e8 stata percepita dai cittadini e dagli elettori ecco un risultato non troppo soddisfacente in termini di preferenze che la porta fuori dal Consiglio regionale. La candidatura pi\u00f9 politica ha pagato un prezzo\u2026\u201d spiega Martino. \u201cPenso che la Paita fosse il miglior candidato possibile per la presidenza della Regione e tornando alle scorse primarie non farei certamente una scelta diversa. Quello che \u00e8 accaduto dopo\u2026Ci sono responsabilit\u00e0 pesanti, penso a Cofferati ma non solo. Tuttavia quando si perde bisogna prenderne atto, in un quadro nazionale preoccupante dove il populismo di destra prende piede\u201d conclude l&#8217;assessore savonese.<\/p>\n<p>Il vicesindaco di Savona, <strong>Livio Di Tullio<\/strong>, sostenitore della prima ora di Federico Berruti prima e Sergio Cofferati poi alle primarie, alla fine ha sostenuto come d&#8217;obbligo Raffaella Paita. Stamane le sue prime riflessioni, non senza qualche polemica.<\/p>\n<div id=\"fb-root\"><\/div>\n<p><script>\/\/ <![CDATA[\n(function(d, s, id) {  var js, fjs = d.getElementsByTagName(s)[0];  if (d.getElementById(id)) return;  js = d.createElement(s); js.id = id;  js.src = \"\/\/connect.facebook.net\/it_IT\/all.js#xfbml=1\";  fjs.parentNode.insertBefore(js, fjs);}(document, 'script', 'facebook-jssdk'));\n\/\/ ]]><\/script><\/p>\n<div class=\"fb-post\" data-href=\"https:\/\/www.facebook.com\/livio.ditullio\/posts\/10205577802676114\" data-width=\"540\">\n<div class=\"fb-xfbml-parse-ignore\"><a href=\"https:\/\/www.facebook.com\/livio.ditullio\/posts\/10205577802676114\">Pubblicazione<\/a> di <a href=\"https:\/\/www.facebook.com\/livio.ditullio\">Livio Di Tullio<\/a>.<\/div>\n<\/div>\n<p>Amara anche l&#8217;analisi di <strong>Anna Giacobbe<\/strong>, parlamentare Pd.<\/p>\n<blockquote><p>\u201cE\u2019 colpa mia, anche\u201d. Comincerei cos\u00ec a commentare il voto ligure. Anche; per la mia quota. Non mi sento tra i maggiori azionisti della sconfitta, ma ne sono partecipe, con tutto il mio partito. A livello nazionale il Pd non pu\u00f2 considerarsi assolto, nonostante il 5-2 ed il fatto che governa nella maggior parte delle regioni, molte conquistate o confermate ieri e nel recente passato. Ma la Liguria \u00e8 \u201cil problema\u201d: un problema dei liguri e del Pd nazionale. Dei liguri come cittadini, che avranno un governo con una maggioranza consiliare, se va bene, risicata e condizionata da un risultato molto significativo della Lega: non credo che governeranno bene. Dei Liguri del Pd: gli errori ci sono stati e pesanti. Non si tratta ora di cercare, anche tra noi, il capro espiatorio. Ma: l\u2019idea di autosufficienza \u00e8 fallita; sono state sottovalutate le spinte (sociali e pre-politiche) che anche in Liguria hanno portato voti a M5S, Lega, per non parlare dell\u2019astensionismo, con elementi molto negativi, ma anche con forti istanze di cambiamento; Lella Paita, candidata generosa, ma non in grado di conquistare il consenso necessario, legittimata dalla primarie e sostenuta poi da tutto il Pd, eppure candidata sbagliata, oggettivamente. E non avere fatto davvero in tempo utile, obiettivamente, ed in modo condiviso nel Pd, una valutazione sui risultati dei dieci anni di governo di Burlando, risultati usati come argomenti da tifosi pro o contro nelle primarie. La crisi dei partiti tradizionali in Liguria si mostra in tutta la sua evidenza. Ma quello con cui dovremo fare i conti \u00e8 una crisi di classi dirigenti, pi\u00f9 forte e netta a Genova, per il centro sinistra, se posso permettermi, ma che non assolve nessuno di noi. Di questo dovremo occuparci e dovr\u00e0 occuparsi il Pd nazionale; serve un vero rinnovamento, non solo generazionale, come \u00e8 evidente. Pastorino ha fatto la propria parte: che una rottura a sinistra avrebbe favorito il candidato del centro destra \u00e8 un fatto oggettivo, il centro destra vince anche per questo; anche lui e chi lo ha sostenuto (compreso qualche famoso stratega) hanno sottovalutato il centro-destra, hanno forse sperato che la disarticolazione di tutto il quadro portasse a nuove elezioni, o che il M5S potesse vincere e fare con loro l\u2019esperimento degli esperimenti. In ogni caso, dire che \u201cla colpa \u00e8 di Pastorino\u201d \u00e8 sbagliato. Facciamo un po\u2019 di conti: la somma dei voti di coalizione delle liste che hanno sostenuto Paita e Pastorino \u00e8 di circa il 37%; la coalizione di Toti il 37,8. Tutto il centro sinistra ha perso, e non solo perch\u00e9 si \u00e8 diviso. C\u2019\u00e8 dunque un problema pi\u00f9 profondo. C\u2019\u00e8 stato un influsso delle politiche nazionali sugli orientamenti elettorali, senza dubbio: anche questo va messo in discussione. Ma di una cosa sono convinta: questo governo deve poter andare avanti per governare una fase difficilissima, e nello stesso tempo con opportunit\u00e0 che possono aprirsi, sul piano interno ed internazionale. Andare avanti in perfetta continuit\u00e0? No di certo. Infine, l\u2019analisi del voto \u00e8 una cosa seria: facciamola. Il risultato delle singole province e dei singoli comuni andr\u00e0 valutato con attenzione e non in modo superficiale: ci sono probabilmente molte cose che ci pu\u00f2 insegnare.<\/p><\/blockquote>\n<p>Incredulo invece <strong>Andrea Melis<\/strong>, MoVimento 5 Stelle, che questa mattina ha scoperto proprio grazie a una telefonata di IVG.it della propria elezione in consiglio regionale.<\/p>\n<div id=\"fb-root\"><\/div>\n<p><script>\/\/ <![CDATA[\n(function(d, s, id) {  var js, fjs = d.getElementsByTagName(s)[0];  if (d.getElementById(id)) return;  js = d.createElement(s); js.id = id;  js.src = \"\/\/connect.facebook.net\/it_IT\/all.js#xfbml=1\";  fjs.parentNode.insertBefore(js, fjs);}(document, 'script', 'facebook-jssdk'));\n\/\/ ]]><\/script><\/p>\n<div class=\"fb-post\" data-href=\"https:\/\/www.facebook.com\/superpelis1\/posts\/10206928198313597\" data-width=\"540\">\n<div class=\"fb-xfbml-parse-ignore\"><a href=\"https:\/\/www.facebook.com\/superpelis1\/posts\/10206928198313597\">Pubblicazione<\/a> di <a href=\"https:\/\/www.facebook.com\/superpelis1\">Andrea Melis<\/a>.<\/div>\n<\/div>\n<p>Cerca di guardare il bicchiere &#8220;mezzo pieno&#8221; <strong>Fulvia Veirana<\/strong>, ex segretaria provinciale di Cgil che ha abbandonato la carica per candidarsi nel &#8220;listino&#8221; di Raffaella Paita:<\/p>\n<blockquote><p>Quindi \u00e8 andata cos\u00ec&#8230; Toti \u00e8 il nuovo Presidente della Liguria. Chapeau! Per parte mia posso solo dire che in questo mese di campagna elettorale ho conosciuto persone stupende ed ho imparato una marea di cose. \u00c8 stata, comunque, una bella esperienza. Grazie a tutti coloro che hanno fatto questa &#8220;battaglia&#8221; con me, che hanno contribuito a costruire il programma e che si sono fidati di me. Saranno anni complicati, lavoriamo a non disperdere questo patrimonio.<\/p><\/blockquote>\n<p>Spazio anche ai vincitori, con il commento di <strong>Andrea Bronda<\/strong>:<\/p>\n<div id=\"fb-root\"><\/div>\n<p><script>\/\/ <![CDATA[\n(function(d, s, id) {  var js, fjs = d.getElementsByTagName(s)[0];  if (d.getElementById(id)) return;  js = d.createElement(s); js.id = id;  js.src = \"\/\/connect.facebook.net\/it_IT\/all.js#xfbml=1\";  fjs.parentNode.insertBefore(js, fjs);}(document, 'script', 'facebook-jssdk'));\n\/\/ ]]><\/script><\/p>\n<div class=\"fb-post\" data-href=\"https:\/\/www.facebook.com\/andrea.bronda\/posts\/939614469424549\" data-width=\"540\">\n<div class=\"fb-xfbml-parse-ignore\"><a href=\"https:\/\/www.facebook.com\/andrea.bronda\/posts\/939614469424549\">Pubblicazione<\/a> di <a href=\"https:\/\/www.facebook.com\/andrea.bronda\">Andrea Bronda<\/a>.<\/div>\n<\/div>\n<p>Gioia sui social anche per <strong>Rosy Guarnieri<\/strong>:<\/p>\n<blockquote><p>Dedicato a tutti coloro che non sono andati a votare . \u00c8 dimostrato che quando il centrodestra si unisce , senza disfattisti, opportunisti e professionisti della politica fantasiosa , non c&#8217;\u00e8 ne per nessuno !! Dimostrazione che Salvini e Rixi hanno avuto ragione nell&#8217; accettare la candidatura Toti al solo fine di liberare la Liguria dal Paitismo spinto !! Dimostrazione che Albenga \u00e8 di centrodestra e non dei voltagabbana e prezzolati !! Dimostrato che il comune nel maggio 2014 non \u00e8 stato vinto dal centrosinistra , ma affossato da chi, del centrodestra, pensava che candidandosi contro avrebbe fatto l&#8217;uovo con due rossi, e si \u00e8 trovato con solo albume e neppure montato a neve . Buona giornata a tutti &#8230; Ed ora &#8230; Nonostante tre ore di sonno, soddisfatta, si va a lavorare !! \u201cComplimenti al neo presidente Giovanni Toti, il centro destra unito ha vinto mentre il centro sinistra diviso ha perso. Direi che questo \u00e8 cambiato rispetto alle elezioni amministrative dell\u2019anno scorso, anche se credo che le due competizioni elettorali siano difficilmente comparabili\u201d ha commentato il sindaco di Albenga Giorgio Cangiano. \u201cRitengo che questo dato rafforzi ancora di pi\u00f9 il lavoro fatto lo scorso anno per unire tutte le forze di centro sinistra, vincendo senza neppure andare al ballottaggio\u201d. \u201cDa parte dell\u2019amministrazione comunale di Albenga ci sar\u00e0 massimo dialogo con la nuova Regione nell\u2019interesse del nostro territorio. Da parte mia e della giunta nessuna preoccupazione sulle ripercussioni politiche di queste elezioni regionali: continueremo a fare il nostro lavoro\u201d conclude il sindaco Cangiano.<\/p><\/blockquote>\n<p>Eguale entusiasmo da <strong>Fabio Lucchini<\/strong>:<\/p>\n<p><script>\/\/ <![CDATA[\n(function(d, s, id) {  var js, fjs = d.getElementsByTagName(s)[0];  if (d.getElementById(id)) return;  js = d.createElement(s); js.id = id;  js.src = \"\/\/connect.facebook.net\/it_IT\/all.js#xfbml=1\";  fjs.parentNode.insertBefore(js, fjs);}(document, 'script', 'facebook-jssdk'));\n\/\/ ]]><\/script><\/p>\n<div class=\"fb-post\" data-href=\"https:\/\/www.facebook.com\/alassiofutura\/posts\/1057226217640812:0\" data-width=\"540\">\n<div class=\"fb-xfbml-parse-ignore\"><a href=\"https:\/\/www.facebook.com\/alassiofutura\/posts\/1057226217640812:0\">Pubblicazione<\/a> di <a href=\"https:\/\/www.facebook.com\/alassiofutura\">Fabio Lucchini<\/a>.<\/div>\n<\/div>\n<p>&#8220;Questa mattina\/mi son svegliato\/O Lella ciao\/Lella ciao\/Lella ciao, ciao, ciao&#8221; ironizza<strong> Eraldo Ciangherotti<\/strong>, capogruppo di Forza Italia Albenga, commentando i risultati elettorali delle regionali su Albenga.<\/p>\n<blockquote><p>&#8220;\u00c8 questo l&#8217;inno con cui stiamo celebrando la liberazione della Liguria dalla sinistra di Burlando, di Paita e di Vazio. Per la prima volta, ho intonato anche io questo ritornello, con grande piacere. Ad Albenga, la gioia pi\u00f9 grande: 1921 grazie di cuore ai nostri simpatizzanti e amici elettori che hanno votato Forza Italia a sostegno di Giovanni Toti Governatore della Liguria. Da parte del popolo ingauno che ama la libert\u00e0, attraverso il voto, sono state recapitate 4 mila quattrocento e quarantadue notifiche di sfratto nei confronti dell&#8217;imbarazzante e immobile amministrazione Comunale Cangiano-Vazio che da un anno malgoverna Albenga. E pensare che avevano anche un loro rappresentante di spicco tra i candidati a sostegno del cavallo perdente Raffaella Paita&#8221;.Prosegue il capogruppo forzista: &#8220;Il centrodestra \u00e8 nettamente la forza pi\u00f9 grande del comprensorio ingauno, e la Giunta comunale e la sua maggioranza che la sostiene non rappresentano pi\u00f9 gli albenganesi, dopo solo dodici mesi. Per quanto concerne il nostro partito, Forza Italia Albenga \u00e8 cresciuta ancora di peso, rispetto allo scorso anno, e questo \u00e8 un risultato che vale doppio soprattutto se si pensa che nell&#8217;ultimo anno ci siamo ripuliti di tutti quei voltagabbana, finti sostenitori, e scrocconi che dicono di essere con Forza Italia solo quando si vince, e fanno a gara solo ed esclusivamente per apparire nelle foto. Uno schiaffo alla sinistra arrogante che da dieci anni ha rovinato la nostra bella regione e che sta facendo danni anche ad Albenga, e uno schiaffo a tanti mestieranti della politica che, da oggi, saranno costretti a mandare cv\u00a0ai centri per l&#8217;impiego poich\u00e9 rimasti senza un&#8217;occupazione, ma soprattutto senza un&#8217;indennit\u00e0&#8221;. &#8220;Bravo Giovanni Toti, sapevo che sarebbe stato un successo, e anche per questo gli ho donato la &#8216;Maglia Rosa&#8217; del Giro della Liguria durante la sua visita nella nostra citt\u00e0. E un plauso anche ad Angelo Vaccarezza, eletto Consigliere anche grazie al decisivo e fondamentale sostegno di Albenga e della nostra squadra&#8230;e dopo aver liberato la Liguria, da oggi si lavora per liberare anche Albenga&#8221;.<\/p><\/blockquote>\n<p><strong>Robert Schneck<\/strong>, candidato per Liguria Cambia, commenta cos\u00ec:<\/p>\n<blockquote><p>&#8220;Un sincero ringraziamento alle oltre 1.000 persone che, in Provincia di Savona, scrivendo sulla scheda elettorale il mio difficile cognome al fianco di un simbolo sconosciuto, mi hanno votato. Per questo un po&#8217; di voti sono stati annullati ed il mio dato definitivo si \u00e8 attestato a 977 preferenze in una piccola lista civica che ha riportato in Provincia di Savona il 2,06%. Senza se e senza ma riconosco pienamente la chiara sconfitta. Il corpo elettorale, per definizione, in Democrazia, ha sempre ragione. Auguro buon lavoro alla nuova Amministrazione Regionale&#8221;.<\/p><\/blockquote>\n<p><strong>Gianni Plinio della Direzione Nazionale Fratelli d&#8217;Italia-An<\/strong> dice: &#8220;Grande vittoria, grande Toti, grande centrodestra. Anche grande Matteo Rosso che, con le sue migliaia di preferenze, ha consentito la conquista del seggio di Fratelli d&#8217;Italia a Genova. Sia Giorgia Meloni che Ignazio La Russa mi hanno inviato messaggi di congratulazioni per il buon risultato del partito che risulta determinante, con i suoi due consiglieri per garantire la maggioranza regionale. Siamo molto felici nel constatare come l&#8217;unit\u00e0 del centrodestra, fin dal primo momento responsabilmente propugnata da Fratelli d&#8217;Italia, sia risultata la mossa vincente. Ora la Liguria \u00e8 un po&#8217; meno rossa e pu\u00f2 ripartire. Finisce ignominiosamente l&#8217;era del sistema di potere burlandiano e deve cominciare un ciclo virtuoso in cui si faccia un salutare repulisti in quel di via Fieschi ove a prevalere da ora in poi non dovranno pi\u00f9 essere gli interessi di lobby, coop e gruppi affaristici bens\u00ec quelli legittimi e puliti dei cittadini&#8221;.<\/p>\n<p><strong>La segreteria Forza Italia di Pietra Ligure ed il Club Forza Silvio Pietra Ligure<\/strong> 1 ringraziano &#8220;tutti i candidati di Forza Italia alle elezioni regionali e tutti gli elettori che ancora una volta hanno confermato la propria fiducia a Forza Italia. Ha vinto l&#8217;unit\u00e0 e lo spirito di squadra e hanno indiscutibilmente perso le rivalit\u00e0 unilaterali di mero carattere personalistico. Ha vinto Giovanni Toti e Pietra Ligure si unisce al resto delle rappresentanze territoriali di Forza Italia nel fare al neo Presidente della Regione Liguria i migliori auguri di buon lavoro. Rivolgiamo un particolare augurio all\u2019amico, neo consigliere regionale, Angelo Vaccarezza. Con lui il nostro territorio acquista una rappresentanza qualificata e si assicura la certezza di avere sempre al proprio fianco un uomo che ha sempre dimostrato con i fatti di avere a cuore i problemi veri della gente del suo territorio&#8221;.<\/p>\n","protected":false},"excerpt":{"rendered":"<p>Provincia. Toti nuovo presidente della Regione, Paita silurata, exploit del MoVimento 5 Stelle, Lega oltre il 20%, Pd primo partito a Savona ma sonoramente sconfitto ad Albenga. Sono tanti i temi che emergono dal risultato di queste elezioni regionali, e sono tante le voci che si levano dalla politica savonese, che siano di vincitori e [&hellip;]<\/p>\n","protected":false},"author":10593,"featured_media":0,"comment_status":"open","ping_status":"closed","sticky":false,"template":"","format":"standard","meta":{"footnotes":""},"categories":[45296,31],"tags":[10658,54363],"class_list":["post-293827","post","type-post","status-publish","format-standard","hentry","category-copertina","category-politica","tag-elezioni-regionali","tag-regionali-2015","post_cat_citta-provincia","post_tag_personaggi-andrea-bronda","post_tag_personaggi-andrea-melis","post_tag_personaggi-anna-giacobbe","post_tag_personaggi-eraldo-ciangherotti-2","post_tag_personaggi-fabio-lucchini","post_tag_personaggi-fulvia-veirana-2","post_tag_personaggi-livio-di-tullio-2","post_tag_personaggi-rosy-guarnieri"],"amp_validity":null,"amp_enabled":true,"_links":{"self":[{"href":"https:\/\/staging.ivg.it\/ediapi\/wp\/v2\/posts\/293827","targetHints":{"allow":["GET"]}}],"collection":[{"href":"https:\/\/staging.ivg.it\/ediapi\/wp\/v2\/posts"}],"about":[{"href":"https:\/\/staging.ivg.it\/ediapi\/wp\/v2\/types\/post"}],"author":[{"embeddable":true,"href":"https:\/\/staging.ivg.it\/ediapi\/wp\/v2\/users\/10593"}],"replies":[{"embeddable":true,"href":"https:\/\/staging.ivg.it\/ediapi\/wp\/v2\/comments?post=293827"}],"version-history":[{"count":0,"href":"https:\/\/staging.ivg.it\/ediapi\/wp\/v2\/posts\/293827\/revisions"}],"wp:attachment":[{"href":"https:\/\/staging.ivg.it\/ediapi\/wp\/v2\/media?parent=293827"}],"wp:term":[{"taxonomy":"category","embeddable":true,"href":"https:\/\/staging.ivg.it\/ediapi\/wp\/v2\/categories?post=293827"},{"taxonomy":"post_tag","embeddable":true,"href":"https:\/\/staging.ivg.it\/ediapi\/wp\/v2\/tags?post=293827"}],"curies":[{"name":"wp","href":"https:\/\/api.w.org\/{rel}","templated":true}]}}