{"id":293798,"date":"2015-06-01T08:16:15","date_gmt":"2015-06-01T06:16:15","guid":{"rendered":"http:\/\/www.ivg.it\/?p=293798"},"modified":"2015-06-01T08:16:56","modified_gmt":"2015-06-01T06:16:56","slug":"meteo-liguria-ponte-del-2-giugno-baciato-dal-sole","status":"publish","type":"post","link":"https:\/\/staging.ivg.it\/2015\/06\/meteo-liguria-ponte-del-2-giugno-baciato-dal-sole\/","title":{"rendered":"Meteo Liguria: ponte del 2 giugno baciato dal sole"},"content":{"rendered":"<p><strong>Liguria.<\/strong> Le nubi che hanno caratterizzato anche la giornata di ieri si stanno attenuando per l&#8217;avanzata da Ovest di una corposa area anticiclonica. Sar\u00e0 un ponte del 2 giugno all&#8217;insegna del sole.<\/p>\n<p>Da stasera ritorno della &#8220;macaia&#8221; sulle zone costiere genovesi e savonesi. Venti deboli dai quadranti meridionali. In rinforzo nel pomeriggio sul versante settentrionale dell&#8217;Appennino savonese (&#8220;Marin&#8221;). Mari calmi da Ponente a Levante, sia sotto-costa sia al largo. Temperature: In lieve e graduale aumento.<\/p>\n<p>Domani residua nuvolosit\u00e0 sui bacini marittimi centrali, soleggiamento in progressivo rinforzo. Consueto accumulo di nubi sui monti nelle ore pi\u00f9 calde della giornata, con bassa probabilit\u00e0 di piogge.<\/p>\n","protected":false},"excerpt":{"rendered":"<p>Liguria. Le nubi che hanno caratterizzato anche la giornata di ieri si stanno attenuando per l&#8217;avanzata da Ovest di una corposa area anticiclonica. Sar\u00e0 un ponte del 2 giugno all&#8217;insegna del sole. Da stasera ritorno della &#8220;macaia&#8221; sulle zone costiere genovesi e savonesi. Venti deboli dai quadranti meridionali. In rinforzo nel pomeriggio sul versante settentrionale [&hellip;]<\/p>\n","protected":false},"author":2394,"featured_media":0,"comment_status":"open","ping_status":"closed","sticky":false,"template":"","format":"standard","meta":{"footnotes":""},"categories":[56],"tags":[65228,652,45966],"class_list":["post-293798","post","type-post","status-publish","format-standard","hentry","category-altre","tag-centro-limet","tag-meteo","tag-meteo-liguria"],"amp_validity":null,"amp_enabled":true,"_links":{"self":[{"href":"https:\/\/staging.ivg.it\/ediapi\/wp\/v2\/posts\/293798","targetHints":{"allow":["GET"]}}],"collection":[{"href":"https:\/\/staging.ivg.it\/ediapi\/wp\/v2\/posts"}],"about":[{"href":"https:\/\/staging.ivg.it\/ediapi\/wp\/v2\/types\/post"}],"author":[{"embeddable":true,"href":"https:\/\/staging.ivg.it\/ediapi\/wp\/v2\/users\/2394"}],"replies":[{"embeddable":true,"href":"https:\/\/staging.ivg.it\/ediapi\/wp\/v2\/comments?post=293798"}],"version-history":[{"count":0,"href":"https:\/\/staging.ivg.it\/ediapi\/wp\/v2\/posts\/293798\/revisions"}],"wp:attachment":[{"href":"https:\/\/staging.ivg.it\/ediapi\/wp\/v2\/media?parent=293798"}],"wp:term":[{"taxonomy":"category","embeddable":true,"href":"https:\/\/staging.ivg.it\/ediapi\/wp\/v2\/categories?post=293798"},{"taxonomy":"post_tag","embeddable":true,"href":"https:\/\/staging.ivg.it\/ediapi\/wp\/v2\/tags?post=293798"}],"curies":[{"name":"wp","href":"https:\/\/api.w.org\/{rel}","templated":true}]}}