{"id":29371,"date":"2008-07-12T14:05:57","date_gmt":"2008-07-12T12:05:57","guid":{"rendered":"http:\/\/www.ivg.it\/2008\/07\/12\/ex-acna-burlando-nuove-attivita-area-attrezzata-e-cultura-a-palazzo-rosso\/"},"modified":"2008-07-14T12:31:48","modified_gmt":"2008-07-14T10:31:48","slug":"ex-acna-burlando-nuove-attivita-area-attrezzata-e-cultura-a-palazzo-rosso","status":"publish","type":"post","link":"https:\/\/staging.ivg.it\/2008\/07\/ex-acna-burlando-nuove-attivita-area-attrezzata-e-cultura-a-palazzo-rosso\/","title":{"rendered":"Ex Acna, Burlando: &#8220;nuove attivit\u00e0, area attrezzata lungo il Bormida e cultura a Palazzo Rosso&#8221;"},"content":{"rendered":"<p><strong>[thumb:8359:l]Cengio.<\/strong> &#8220;La proposta che abbiamo avanzato \u00e8 di acquistare le aree bonificate assieme alla Regione Piemonte, a garanzia del buon riutilizzo delle aree, sviluppando interventi ambientalmente compatibili e di valore architettonico. Se ci sar\u00e0 un accordo definitivo con Eni Sindyal non ci sar\u00e0 acquisizione e si potr\u00e0 ottenere una cessione diretta delle aree, come contropartita per il danno ambientale procurato, altrimenti faremo l&#8217;acquisizione dall&#8217;Erario, tenendo per\u00f2 in piedi il contenzioso in tribunale&#8221;. E&#8217; quanto affermato questa mattina dal presidente della Regione Liguria Claudio Burlando sul recupero delle aree ex Acna di Cengio.<\/p>\n<p>E se la cosiddetta Area 1 non sar\u00e0 pi\u00f9 utilizzabile, cos\u00ec il presidente Burlando ha parlato della riconversione delle altre porzioni di territorio: &#8220;L&#8217;obiettivo \u00e8 quello di utilizzare alcune aree per il rilancio economico della Val Bormida, lungo il fiume Bormida un&#8217;area libera attrezzata dedicata alla cittadinanza e Palazzo Rosso nuovo centro della vita culturale di Cengio&#8221;.<\/p>\n<p>&#8220;Questo \u00e8 uno dei luoghi di congiunzione tra Liguria e Piemonte, anche il comune di Saliceto guarda con interesse al futuro produttivo dell&#8217;area &#8211; ha proseguito Burlando -, inoltre abbiamo definito con il sindaco di Cengio i 18 alloggi pubblici e il recupero dell&#8217;immobile &#8220;Piccolo Ginepro&#8221; per i progetti di edilizia popolare varati dalla Regione, sulla base di quanto stabilito con l&#8217;amministratore unico di Arte Savona: \u00e8 chiaro come la crisi industriale abbia provocato problemi abitativi, dunque il rilancio industriale e occupazionale \u00e8 importante anche da questo punto di vista&#8221;.<br \/>\nGli alloggi verranno assegnati entro la fine dell&#8217;anno.<\/p>\n<p>Infine una battuta sull&#8217;assenza del presidente della Provincia Marco Bertolotto: &#8220;Bertolotto ha seguito molto bene la vicenda Acna e le fasi della bonifica, cos\u00ec come la Provincia di Savona, direi che non c&#8217;\u00e8 un problema politico in tal senso. E&#8217; stato portato avanti un lavoro di recupero del territorio in cui tutte le istituzioni hanno fatto la loro parte&#8221;.<\/p>\n","protected":false},"excerpt":{"rendered":"<p>[thumb:8359:l]Cengio. &#8220;La proposta che abbiamo avanzato \u00e8 di acquistare le aree bonificate assieme alla Regione Piemonte, a garanzia del buon riutilizzo delle aree, sviluppando interventi ambientalmente compatibili e di valore architettonico. Se ci sar\u00e0 un accordo definitivo con Eni Sindyal non ci sar\u00e0 acquisizione e si potr\u00e0 ottenere una cessione diretta delle aree, come contropartita [&hellip;]<\/p>\n","protected":false},"author":13744,"featured_media":0,"comment_status":"open","ping_status":"closed","sticky":false,"template":"","format":"standard","meta":{"footnotes":""},"categories":[35],"tags":[],"class_list":["post-29371","post","type-post","status-publish","format-standard","hentry","category-economia","post_cat_citta-andora","post_cat_citta-cengio"],"amp_validity":null,"amp_enabled":true,"_links":{"self":[{"href":"https:\/\/staging.ivg.it\/ediapi\/wp\/v2\/posts\/29371","targetHints":{"allow":["GET"]}}],"collection":[{"href":"https:\/\/staging.ivg.it\/ediapi\/wp\/v2\/posts"}],"about":[{"href":"https:\/\/staging.ivg.it\/ediapi\/wp\/v2\/types\/post"}],"author":[{"embeddable":true,"href":"https:\/\/staging.ivg.it\/ediapi\/wp\/v2\/users\/13744"}],"replies":[{"embeddable":true,"href":"https:\/\/staging.ivg.it\/ediapi\/wp\/v2\/comments?post=29371"}],"version-history":[{"count":0,"href":"https:\/\/staging.ivg.it\/ediapi\/wp\/v2\/posts\/29371\/revisions"}],"wp:attachment":[{"href":"https:\/\/staging.ivg.it\/ediapi\/wp\/v2\/media?parent=29371"}],"wp:term":[{"taxonomy":"category","embeddable":true,"href":"https:\/\/staging.ivg.it\/ediapi\/wp\/v2\/categories?post=29371"},{"taxonomy":"post_tag","embeddable":true,"href":"https:\/\/staging.ivg.it\/ediapi\/wp\/v2\/tags?post=29371"}],"curies":[{"name":"wp","href":"https:\/\/api.w.org\/{rel}","templated":true}]}}